{"id":11802,"date":"2018-12-20T11:26:46","date_gmt":"2018-12-20T11:26:46","guid":{"rendered":"https:\/\/www.swisscleantech.ch\/?p=11802"},"modified":"2019-03-06T18:49:51","modified_gmt":"2019-03-06T18:49:51","slug":"swisscleantech-vous-souhaite-un-joyeux-noel","status":"publish","type":"post","link":"https:\/\/www.swisscleantech.ch\/fr\/article\/swisscleantech-vous-souhaite-un-joyeux-noel\/","title":{"rendered":"swisscleantech vous souhaite une bonne ann\u00e9e!"},"content":{"rendered":"<p>Un coll\u00e8gue chef d\u2019entreprise me disait r\u00e9cemment\u00a0: \u00abJ\u2019aime bien la p\u00e9riode qui pr\u00e9c\u00e8de No\u00ebl car il faut prendre beaucoup de d\u00e9cisions. Avant ces quelques journ\u00e9es de cong\u00e9s bien m\u00e9rit\u00e9es, on veut encore r\u00e9gler le plus grand nombre de choses possible.\u00bb<\/p>\n<p>Beaucoup de d\u00e9cisions ont effectivement \u00e9t\u00e9 prises ces derniers jours et ces derni\u00e8res semaines. Le Conseil f\u00e9d\u00e9ral a annonc\u00e9 la poursuite de la lib\u00e9ralisation du march\u00e9 de l\u2019\u00e9lectricit\u00e9. A Katowice, un r\u00e8glement a \u00e9t\u00e9 adopt\u00e9 qui d\u00e9taille la mise en \u0153uvre de l\u2019Accord de Paris \u2013 un nouveau pas en avant. Malheureusement, aucun progr\u00e8s n\u2019a pu \u00eatre fait sur certains dossiers essentiels pour la Suisse. Il n\u2019y a <a href=\"https:\/\/www.swisscleantech.ch\/cop24-regeln-fuer-den-klimaschutz-aber-zertifikatehandel-bleibt-ungeloest-11594\/\">toujours pas de r\u00e8gles contraignantes s\u2019appliquant aux \u00e9changes de certificats \u00e9trangers<\/a>. Le Conseil des Etats a d\u00e9cid\u00e9 \u2013 entre autres \u00e0 l\u2019initiative de swisscleantech \u2013 de tenir compte davantage des crit\u00e8res de durabilit\u00e9dans les march\u00e9s publics. Cette semaine, 50 organisations ont d\u00e9cid\u00e9 de collaborer activement \u00e0 la mise en \u0153uvre de la feuille de route suisse Electromobilit\u00e9 2022. Mais pour swisscleantech, la d\u00e9cision plus importante de ces derni\u00e8res semaines fut sans conteste celle qui fut prise par le Conseil national\u00a0: lors du vote final, la loi sur le CO<sub>2<\/sub>, qui avait d\u00e9j\u00e0 \u00e9t\u00e9 \u00e9dulcor\u00e9e dans les d\u00e9lib\u00e9rations parlementaires, fut <a href=\"https:\/\/www.swisscleantech.ch\/fr\/communique-presse\/le-conseil-national-refuse-la-realite-nouveau-depart-pour-la-loi-sur-le-co2\/\" target=\"_blank\" rel=\"noopener\">clairement rejet\u00e9e<\/a>.<\/p>\n<p>Tous ces exemples montrent certes que beaucoup de choses bougent dans la politique \u00e9nerg\u00e9tique et climatique suisse, mais pas toujours dans la bonne direction. L\u2019\u00e9conomie durable a donc plus que jamais besoin de parler d\u2019une voix forte\u00a0: une voix qui ne repr\u00e9sente pas les int\u00e9r\u00eats d\u2019une branche particuli\u00e8re, une voix qui se laisse guider par des consid\u00e9rations macro\u00e9conomiques, une voix qui fonde ses prises de position sur des connaissances scientifiques et qui pr\u00e9sente des propositions innovantes dans le d\u00e9bat politique, une voix claire, pr\u00e9cise et toujours concr\u00e8te. Cette voix, c\u2019est swisscleantech.<\/p>\n<p><span lang=\"FR-CH\">swisscleantech est entendue et progresse de mani\u00e8re satisfaisante, comme en t\u00e9moignent notamment la trentaine de mentions dans les m\u00e9dias dans le cadre du d\u00e9bat sur la loi sur le CO<sub>2<\/sub> et l\u2019arriv\u00e9e de plus de 20 nouveaux membres ces derniers mois. <\/span> Mais pour que nos interventions restent pertinentes sur la longue dur\u00e9e et pour mettre plus efficacement en \u0153uvre la Charte que tous les adh\u00e9rents se sont engag\u00e9s \u00e0 respecter, l\u2019association doit continuer de se d\u00e9velopper. Lors de sa derni\u00e8re r\u00e9union, le Comit\u00e9 directeur s\u2019est donc interrog\u00e9 sur les objectifs qui devront \u00eatre poursuivis en 2019, ann\u00e9e du dixi\u00e8me anniversaire de swisscleantech.<\/p>\n<ol>\n<li><strong>Focus sur la progression des adh\u00e9sions\u00a0<\/strong>: beaucoup de PME, de startups et de grandes entreprises nous ont dit qu\u2019elles partageaient nos attentes et soutenaient nos demandes \u2013 notamment lors des discussions r\u00e9centes sur la nouvelle loi sur le CO<sub>2<\/sub>. Pour permettre au plus grand nombre de ces entreprises de soutenir la mission de swisscleantech et \u00e9galement pour renforcer le poids politique de l\u2019association, nous avons d\u00e9cid\u00e9 de r\u00e9duire massivement la cotisation des adh\u00e9rents. Cette r\u00e9duction ira de 40 \u00e0 60\u00a0% en fonction de la taille des entreprises. Nous proposerons cette modification lors de l\u2019assembl\u00e9e g\u00e9n\u00e9rale en mars prochain. Parall\u00e8lement, nous allons \u00e9largir l\u2019assise de financement de l\u2019association et faire appel \u00e0 des sources de financement telles que des fondations. Nous profitons \u00e9galement d\u2019un poste vacant au sein du bureau pour recruter un\/e responsable exp\u00e9riment\u00e9\/e Business Development &amp; Fundraising. D\u2019autres mesures sp\u00e9cifiques sont pr\u00e9vues pour la Suisse romande. L\u2019objectif est qu\u2019\u00e0 moyen terme, notre association compte environ 1000 adh\u00e9rents.\n<\/li>\n<li><strong>Intensification du dialogue avec nos adh\u00e9rents et entre nos adh\u00e9rents\u00a0:<\/strong>nous sommes convaincus qu\u2019il faut encore intensifier le dialogue avec nos adh\u00e9rents et entre nos adh\u00e9rents. C\u2019est la seule fa\u00e7on d\u2019\u00eatre au plus proche de vos attentes (politiques) et d\u2019offrir en m\u00eame temps une plateforme performante d\u2019\u00e9changes d\u2019exp\u00e9riences et de mise en r\u00e9seau. Pour atteindre cet objectif, nous avons d\u00e9j\u00e0 mis en place quelques nouveaut\u00e9s\u00a0:\n<ul>\n<li>Durant les sessions parlementaires, des webinars seront organis\u00e9s pour vous informer de l\u2019actualit\u00e9 et vous permettre \u00e9galement de nous faire part aussit\u00f4t de vos r\u00e9actions. Le pilote s\u2019est d\u00e9roul\u00e9 la semaine derni\u00e8re au sujet de la loi sur le CO<sub>2<\/sub>\u2013 les \u00e9chos ont \u00e9t\u00e9 bons.<\/li>\n<li>Avec la nouvelle s\u00e9rie d\u2019\u00e9v\u00e9nements \u00ab\u00a0Member2Member\u00a0\u00bb, nous donnerons aux adh\u00e9rents la possibilit\u00e9 de se pr\u00e9senter et d\u2019exposer certains enjeux actuels en mati\u00e8re de r\u00e9glementation. Cette s\u00e9rie va d\u00e9marrer avec le nouvel adh\u00e9rent <a href=\"https:\/\/www.swisscleantech.ch\/agendaeintrag\/member2member-cargo-sous-terrain\/\">Cargo Sous Terrain en f\u00e9vrier<\/a>et le Groupe Competec\/Brack en mai (infos \u00e0 suivre).<\/li>\n<li>Les \u00e9v\u00e9nements dont le format est maintenant bien \u00e9tabli seront mieux r\u00e9partis g\u00e9ographiquement pour permettre \u00e0 plus d\u2019adh\u00e9rents d\u2019y participer.<\/li>\n<li>Le Comit\u00e9 directeur et le bureau vont s\u2019investir encore plus dans les \u00e9changes personnels avec vous pour mieux sentir vos attentes. Une nouvelle enqu\u00eate de satisfaction des adh\u00e9rents est pr\u00e9vue pour 2019.<\/li>\n<\/ul>\n<\/li>\n<li><strong>D\u00e9velopper un leadership th\u00e9matique\u00a0<\/strong>: nous maintenons le focus sur les trois axes\u00a0: Suisse sans CO<sub>2<\/sub>, approvisionnement en \u00e9lectricit\u00e9 durable et nouveaux mod\u00e8les \u00e9conomiques. Mais nous voulons aussi \u00eatre un moteur plus puissant en politique et dans le d\u00e9bat public. Par exemple en faisant plus de propositions innovantes comme le taux d\u2019assainissement des b\u00e2timents ou la construction de nouvelles installations d\u2019\u00e9nergie renouvelable. Nous travaillons aussi en permanence sur d\u2019autres th\u00e8mes comme l\u2019\u00e9conomie circulaire. Nous souhaiterions intensifier la collaboration avec certaines organisations partenaires comme \u00f6bu ou AEE SUISSE.<\/li>\n<\/ol>\n<p>En 2018, l\u2019association swisscleantech a progress\u00e9 et pu faire bouger un peu les choses. Vous en saurez plus sur nos actions concr\u00e8tes en lisant le rapport annuel 2018 qui para\u00eetra en mars 2019.<\/p>\n<p>Les remerciements du Comit\u00e9 directeur s\u2019adressent \u00e0 toute l\u2019\u00e9quipe du bureau qui travaille avec t\u00e9nacit\u00e9 \u00e0 la mise en \u0153uvre de notre Charte et, bien s\u00fbr, tout particuli\u00e8rement \u00e0 vous \u2013 nos adh\u00e9rents. C\u2019est vous qui l\u00e9gitimez notre travail et nous motivez tous pour d\u00e9fendre sans cesse l\u2019\u00e9conomie durable.<\/p>\n<p>Je vous souhaite d\u2019excellentes f\u00eates de fin d\u2019ann\u00e9e et serai heureux de vous retrouver en 2019, ann\u00e9e exceptionnelle des 10 ans de swisscleantech.<\/p>\n<p>Tr\u00e8s cordialement<\/p>\n<p><strong>Fabian Etter<\/strong><br \/>\n<strong>Membre du Comit\u00e9 directeur (responsable organisation et adh\u00e9rents)<\/strong><\/p>\n","protected":false},"excerpt":{"rendered":"<p>Fabian Etter, membre du conseil d&#8217;administration de swisscleantech, revient sur les mois \u00e9coul\u00e9s et r\u00e9v\u00e8le les objectifs que swisscleantech poursuit pour la nouvelle ann\u00e9e. Lisez ce \u00e0 quoi nos membres peuvent s&#8217;attendre et pourquoi 2019 sera une ann\u00e9e exceptionnelle.<\/p>\n","protected":false},"author":3,"featured_media":11952,"comment_status":"open","ping_status":"open","sticky":false,"template":"","format":"standard","meta":{"inline_featured_image":false},"categories":[45],"tags":[],"spitzmarke":[4673],"beitragstyp":[1321],"acf":[],"_links":{"self":[{"href":"https:\/\/www.swisscleantech.ch\/fr\/wp-json\/wp\/v2\/posts\/11802"}],"collection":[{"href":"https:\/\/www.swisscleantech.ch\/fr\/wp-json\/wp\/v2\/posts"}],"about":[{"href":"https:\/\/www.swisscleantech.ch\/fr\/wp-json\/wp\/v2\/types\/post"}],"author":[{"embeddable":true,"href":"https:\/\/www.swisscleantech.ch\/fr\/wp-json\/wp\/v2\/users\/3"}],"replies":[{"embeddable":true,"href":"https:\/\/www.swisscleantech.ch\/fr\/wp-json\/wp\/v2\/comments?post=11802"}],"version-history":[{"count":7,"href":"https:\/\/www.swisscleantech.ch\/fr\/wp-json\/wp\/v2\/posts\/11802\/revisions"}],"predecessor-version":[{"id":12609,"href":"https:\/\/www.swisscleantech.ch\/fr\/wp-json\/wp\/v2\/posts\/11802\/revisions\/12609"}],"wp:featuredmedia":[{"embeddable":true,"href":"https:\/\/www.swisscleantech.ch\/fr\/wp-json\/wp\/v2\/media\/11952"}],"wp:attachment":[{"href":"https:\/\/www.swisscleantech.ch\/fr\/wp-json\/wp\/v2\/media?parent=11802"}],"wp:term":[{"taxonomy":"category","embeddable":true,"href":"https:\/\/www.swisscleantech.ch\/fr\/wp-json\/wp\/v2\/categories?post=11802"},{"taxonomy":"post_tag","embeddable":true,"href":"https:\/\/www.swisscleantech.ch\/fr\/wp-json\/wp\/v2\/tags?post=11802"},{"taxonomy":"spitzmarke","embeddable":true,"href":"https:\/\/www.swisscleantech.ch\/fr\/wp-json\/wp\/v2\/spitzmarke?post=11802"},{"taxonomy":"beitragstyp","embeddable":true,"href":"https:\/\/www.swisscleantech.ch\/fr\/wp-json\/wp\/v2\/beitragstyp?post=11802"}],"curies":[{"name":"wp","href":"https:\/\/api.w.org\/{rel}","templated":true}]}}