{"id":12537,"date":"2019-03-04T09:58:11","date_gmt":"2019-03-04T09:58:11","guid":{"rendered":"https:\/\/www.swisscleantech.ch\/?p=12537"},"modified":"2019-03-05T08:33:38","modified_gmt":"2019-03-05T08:33:38","slug":"ajustement-des-differences-dans-le-loi-sur-les-marches-publics","status":"publish","type":"post","link":"https:\/\/www.swisscleantech.ch\/fr\/article\/ajustement-des-differences-dans-le-loi-sur-les-marches-publics\/","title":{"rendered":"Ajustement des diff\u00e9rences dans le loi sur les march\u00e9s publics"},"content":{"rendered":"<p>swisscleantech plaide toujours pour que des standards minimums relatifs \u00e0 la protection de l\u2019environnement soient admis comme crit\u00e8res d\u2019adjudication. Les raisons en sont les suivantes:<\/p>\n<ul>\n<li>Les march\u00e9s publics et le comportement de consommation du secteur public ont un impact important sur l\u2019\u00e9conomie et les entreprises. L\u2019adjudicateur public peut en profiter pour mettre plus fortement l\u2019accent sur la durabilit\u00e9 lors de l\u2019adjudication de march\u00e9s. Une obligation de respect des standards de protection de l\u2019environnement en vigueur par les soumissionnaires comme condition de participation \u00e0 des march\u00e9s publics renforcerait significativement le changement de paradigme, d\u2019une culture d\u2019adjudication focalis\u00e9e sur les prix \u00e0 une concurrence plus large centr\u00e9e sur la qualit\u00e9. Cette nouvelle orientation renforcerait les entreprises suisses et favoriserait l\u2019innovation.<\/li>\n<li>Si le respect des dispositions en vigueur en mati\u00e8re de protection de l\u2019environnement ne fait pas partie des conditions obligatoires pour participer \u00e0 un appel d\u2019offres, il se peut qu\u2019une offre qui ne respecte pas les standards environnementaux l\u00e9gaux remporte une adjudication. Dans ce cas, l\u2019adjudicateur favorise \u2013 consciemment ou inconsciemment \u2013 une violation de la loi. Cela n\u2019est pas compatible avec la fonction de mod\u00e8le de l\u2019administration publique qui d\u00e9coule des buts de l\u2019Etat fix\u00e9s par la Constitution et de la Strat\u00e9gie pour le d\u00e9veloppement durable du Conseil f\u00e9d\u00e9ral.<\/li>\n<li>Cette th\u00e9matique est \u00e9galement tr\u00e8s importante au niveau international. L\u2019OMC, dans la r\u00e9vision de l\u2019Accord sur les march\u00e9s publics (AMP 2012), a ainsi reconnu express\u00e9ment pour la premi\u00e8re fois des objectifs de protection de l\u2019environnement comme crit\u00e8res d\u2019adjudication. De m\u00eame, l\u2019Union europ\u00e9enne, dans la directive sur la passation des march\u00e9s publics, s\u2019est engag\u00e9e clairement depuis 2014 pour une concurrence sur la qualit\u00e9 et non plus sur les prix et pour des march\u00e9s durables (directive 2014\/24\/UE). Les conditions de participation pr\u00e9vues notamment par l\u2019art. 3f et l\u2019art. 12a LMP sont ainsi d\u00e9j\u00e0 devenues la norme dans les pays industrialis\u00e9s.<\/li>\n<\/ul>\n<p>Dans ce contexte, il nous semble important que le respect par les soumissionnaires des dispositions relatives \u00e0 la protection de l\u2019environnement en vigueur au lieu de la fourniture de la prestation \u2013 ce qu\u2019on ne doit pas confondre avec l\u2019exportation syst\u00e9matique des standards suisses dans les pays de production \u2013 devienne une condition obligatoire pour participer \u00e0 l\u2019adjudication de march\u00e9s publics. swisscleantech recommande donc, de la m\u00eame fa\u00e7on que pour les dispositions relatives \u00e0 la protection des travailleurs, d\u2019int\u00e9grer la garantie de standards \u00e9cologiques minimums dans les march\u00e9s publics et<\/p>\n<ul>\n<li>\u00e0 l\u2019art. 3 al. f \u2013 de soutenir la Majorit\u00e9 CER-N et de rejeter la Minorit\u00e9 Schneeberger<\/li>\n<li>\u00e0 l\u2019art. 12a \u2013 de soutenir la Majorit\u00e9 CER-N et de rejeter la Minorit\u00e9 Schneeberger<\/li>\n<\/ul>\n","protected":false},"excerpt":{"rendered":"<p>Apr\u00e8s que le Conseil des Etats a int\u00e9gr\u00e9 \u00e0 l\u2019unanimit\u00e9 dans le nouveau projet de loi sur les march\u00e9s publics (LMP) le respect des prescriptions relatives \u00e0 la protection de l\u2019environnement comme standard minimum dans les adjudications publiques, le Conseil national d\u00e9lib\u00e9rera \u00e0 ce sujet le 7 mars. Bien que la commission pr\u00e9paratoire ait soutenu le projet \u00e0 la majorit\u00e9, il y avait une proposition minoritaire pour biffer cette disposition dans le projet de loi.<\/p>\n","protected":false},"author":3,"featured_media":12538,"comment_status":"open","ping_status":"open","sticky":false,"template":"","format":"standard","meta":{"inline_featured_image":false},"categories":[3001,3000],"tags":[],"spitzmarke":[1451],"beitragstyp":[1321],"acf":[],"_links":{"self":[{"href":"https:\/\/www.swisscleantech.ch\/fr\/wp-json\/wp\/v2\/posts\/12537"}],"collection":[{"href":"https:\/\/www.swisscleantech.ch\/fr\/wp-json\/wp\/v2\/posts"}],"about":[{"href":"https:\/\/www.swisscleantech.ch\/fr\/wp-json\/wp\/v2\/types\/post"}],"author":[{"embeddable":true,"href":"https:\/\/www.swisscleantech.ch\/fr\/wp-json\/wp\/v2\/users\/3"}],"replies":[{"embeddable":true,"href":"https:\/\/www.swisscleantech.ch\/fr\/wp-json\/wp\/v2\/comments?post=12537"}],"version-history":[{"count":1,"href":"https:\/\/www.swisscleantech.ch\/fr\/wp-json\/wp\/v2\/posts\/12537\/revisions"}],"predecessor-version":[{"id":12539,"href":"https:\/\/www.swisscleantech.ch\/fr\/wp-json\/wp\/v2\/posts\/12537\/revisions\/12539"}],"wp:featuredmedia":[{"embeddable":true,"href":"https:\/\/www.swisscleantech.ch\/fr\/wp-json\/wp\/v2\/media\/12538"}],"wp:attachment":[{"href":"https:\/\/www.swisscleantech.ch\/fr\/wp-json\/wp\/v2\/media?parent=12537"}],"wp:term":[{"taxonomy":"category","embeddable":true,"href":"https:\/\/www.swisscleantech.ch\/fr\/wp-json\/wp\/v2\/categories?post=12537"},{"taxonomy":"post_tag","embeddable":true,"href":"https:\/\/www.swisscleantech.ch\/fr\/wp-json\/wp\/v2\/tags?post=12537"},{"taxonomy":"spitzmarke","embeddable":true,"href":"https:\/\/www.swisscleantech.ch\/fr\/wp-json\/wp\/v2\/spitzmarke?post=12537"},{"taxonomy":"beitragstyp","embeddable":true,"href":"https:\/\/www.swisscleantech.ch\/fr\/wp-json\/wp\/v2\/beitragstyp?post=12537"}],"curies":[{"name":"wp","href":"https:\/\/api.w.org\/{rel}","templated":true}]}}