{"id":12741,"date":"2019-03-07T18:18:17","date_gmt":"2019-03-07T18:18:17","guid":{"rendered":"https:\/\/www.swisscleantech.ch\/?p=12741"},"modified":"2019-03-11T10:48:14","modified_gmt":"2019-03-11T10:48:14","slug":"lavenir-demande-du-courage","status":"publish","type":"post","link":"https:\/\/www.swisscleantech.ch\/fr\/article\/lavenir-demande-du-courage\/","title":{"rendered":"L\u2019avenir demande du courage"},"content":{"rendered":"<p>La grande salle de l\u2019H\u00f4tel National \u00e9tait comble lorsque s\u2019est d\u00e9roul\u00e9 l\u2019\u00e9v\u00e9nement de printemps de swisscleantech sur le th\u00e8me \u00abPlus de courage pour prot\u00e9ger le climat\u00bb mercredi dernier. Parmi les participants, il y avait plus de jeunes que d\u2019habitude lors d\u2019\u00e9v\u00e9nements similaires d\u2019associations \u00e9conomiques \u2013 mais il s\u2019agit de leur futur. Or la Suisse qui avait \u00e9t\u00e9 autrefois un pays pionnier avec l\u2019\u00e9lectrification des chemins de fer et une production d\u2019\u00e9lectricit\u00e9 propre avec la force hydraulique est bien mal pr\u00e9par\u00e9e pour l\u2019avenir. \u00abLa Suisse n\u2019est plus pionni\u00e8re\u00bb, a d\u00e9clar\u00e9 Christian Zeyer, directeur de swisscleantech, dans son introduction. Au 25<sup>e\u00a0<\/sup>rang pour les \u00e9nergies renouvelables en Europe, au dernier rang pour l\u2019intensit\u00e9 CO<sub>2\u00a0<\/sub>des voitures neuves, proportion la plus \u00e9lev\u00e9e de b\u00e2timents chauff\u00e9s avec des combustibles fossiles \u2013 le pays s\u2019est repos\u00e9 sur ses lauriers du pass\u00e9.<\/p>\n<p>Les conditions d\u2019une \u00e9conomie propre sont pourtant r\u00e9unies. \u00abLa technologie est l\u00e0 pour amener le changement\u00bb, a affirm\u00e9 Carsten Bopp, CEO du Tessiner Pini Group et pr\u00e9sident fra\u00eechement \u00e9lu de swisscleantech. Il ne faut plus remettre le tournant \u00e9nerg\u00e9tique \u00e0 plus tard, pas plus que le tournant de la mobilit\u00e9. Les propos de Hans Gut, CEO de MAN Energy Solutions \u00e0 Zurich, sont similaires. \u00abNous avons suffisamment d\u2019\u00e9nergies renouvelables, sans devoir accepter une baisse de la qualit\u00e9 de vie.\u00bb Br\u00fbler du p\u00e9trole et du gaz n\u2019est pas non plus la bonne solution. A l\u2019automne, avec une douzaine d\u2019autres chefs d\u2019entreprise suisses, Gut a donc invit\u00e9 dans une lettre les responsables politiques \u00e0 adopter une loi sur le CO<sub>2\u00a0<\/sub>efficace \u2013 en vain, comme nous l\u2019avons vu.<\/p>\n<p>Pour Tiana Angelina Moser, le rejet de l\u2019objectif national par la majorit\u00e9 UDC-PLR au Conseil national fut aussi \u00abun moment de frustration\u00bb. Mais le syst\u00e8me politique favorise les repr\u00e9sentants des int\u00e9r\u00eats qui veulent emp\u00eacher les changements, estime la conseill\u00e8re nationale vert\u2019lib\u00e9rale de Zurich. C\u2019est justement pour cela que nous avons besoin de swisscleantech, a object\u00e9 Roger Nordmann. \u00abIl y a trop de repr\u00e9sentants des int\u00e9r\u00eats du syst\u00e8me en place\u00bb a indiqu\u00e9 le conseiller national PS du canton de Vaud et membre du Comit\u00e9 directeur de swisscleantech. \u00abEn ce sens, swisscleantech est le repr\u00e9sentant des int\u00e9r\u00eats du futur.\u00bb<\/p>\n<p>Pour Antoinette Hunziker-Ebneter, cette propension \u00e0 reculer qu\u2019on a observ\u00e9e avec le rejet de l\u2019objectif national est aussi largement r\u00e9pandue parmi les dirigeants d\u2019entreprise en Suisse. \u00abIl y a parfois simplement un manque de courage\u00bb a d\u00e9clar\u00e9 la cr\u00e9atrice et cheffe de Forma Futura Invest AG. \u00abPour beaucoup, vu le niveau \u00e9lev\u00e9 de richesse, il s\u2019agit uniquement de pr\u00e9server les acquis.\u00bb C\u2019est la raison pour laquelle il faut montrer des exemples de succ\u00e8s de l\u2019\u00e9conomie durable et \u00e9tablir un dialogue institutionnalis\u00e9 entre la politique et l\u2019\u00e9conomie.<\/p>\n<p>Pour Carsten Bopp, c\u2019est l\u00e0 qu\u2019intervient swisscleantech. L\u2019association est une plate-forme permettant la formation de l\u2019opinion. \u00abNous voulons cr\u00e9er un leadership th\u00e9matique\u00bb explique le nouveau pr\u00e9sident de l\u2019association. Mais pour peser plus en politique, il faut plus d\u2019adh\u00e9rents. Bopp a plac\u00e9 la barre tr\u00e8s haut\u00a0: le nombre d\u2019adh\u00e9rents de l\u2019association devrait passer de 260 aujourd\u2019hui \u00e0 1000. Le potentiel est l\u00e0, Florian Etter, pr\u00e9sident du conseil d\u2019administration de Elektro Etter AG et vice-pr\u00e9sident de swisscleantech, en est convaincu. \u00abswisscleantech est la seule association \u00e9conomique travaillant avec l\u2019ensemble des branches qui d\u00e9fend le d\u00e9veloppement durable.\u00bb<\/p>\n<p>&nbsp;<\/p>\n<p><strong>Galeries de photos<\/strong><\/p>\n\n\t\t<style type=\"text\/css\">\n\t\t\t#gallery-1 {\n\t\t\t\tmargin: auto;\n\t\t\t}\n\t\t\t#gallery-1 .gallery-item {\n\t\t\t\tfloat: left;\n\t\t\t\tmargin-top: 10px;\n\t\t\t\ttext-align: center;\n\t\t\t\twidth: 33%;\n\t\t\t}\n\t\t\t#gallery-1 img {\n\t\t\t\tborder: 2px solid #cfcfcf;\n\t\t\t}\n\t\t\t#gallery-1 .gallery-caption {\n\t\t\t\tmargin-left: 0;\n\t\t\t}\n\t\t\t\/* see gallery_shortcode() in wp-includes\/media.php *\/\n\t\t<\/style>\n\t\t<div id='gallery-1' class='gallery galleryid-12741 gallery-columns-3 gallery-size-full'><dl class='gallery-item'>\n\t\t\t<dt class='gallery-icon landscape'>\n\t\t\t\t<a href='https:\/\/www.swisscleantech.ch\/fr\/article\/lavenir-demande-du-courage\/fruehlingsanlass-von-swisscleantech-in-bern-am-6-maerz-2019-von-thomas-hodel-55\/'><img width=\"910\" height=\"580\" src=\"https:\/\/www.swisscleantech.ch\/files\/swisscleantech_fruehlingsanlass_bern_6maerz2019_02_web-1.jpg\" class=\"attachment-full size-full\" alt=\"\" decoding=\"async\" loading=\"lazy\" aria-describedby=\"gallery-1-12743\" srcset=\"https:\/\/www.swisscleantech.ch\/files\/swisscleantech_fruehlingsanlass_bern_6maerz2019_02_web-1.jpg 910w, https:\/\/www.swisscleantech.ch\/files\/swisscleantech_fruehlingsanlass_bern_6maerz2019_02_web-1-300x191.jpg 300w, https:\/\/www.swisscleantech.ch\/files\/swisscleantech_fruehlingsanlass_bern_6maerz2019_02_web-1-768x489.jpg 768w\" sizes=\"(max-width: 910px) 100vw, 910px\" \/><\/a>\n\t\t\t<\/dt>\n\t\t\t\t<dd class='wp-caption-text gallery-caption' id='gallery-1-12743'>\n\t\t\t\tFruehlingsanlass von swisscleantech in Bern am 6. Maerz 2019 von Thomas Hodel\n\t\t\t\t<\/dd><\/dl><dl class='gallery-item'>\n\t\t\t<dt class='gallery-icon landscape'>\n\t\t\t\t<a href='https:\/\/www.swisscleantech.ch\/fr\/article\/lavenir-demande-du-courage\/fruehlingsanlass-von-swisscleantech-in-bern-am-6-maerz-2019-von-thomas-hodel-55\/'><img width=\"910\" height=\"586\" src=\"https:\/\/www.swisscleantech.ch\/files\/swisscleantech_fruehlingsanlass_bern_6maerz2019_03_web-1.jpg\" class=\"attachment-full size-full\" alt=\"\" decoding=\"async\" loading=\"lazy\" aria-describedby=\"gallery-1-12744\" srcset=\"https:\/\/www.swisscleantech.ch\/files\/swisscleantech_fruehlingsanlass_bern_6maerz2019_03_web-1.jpg 910w, https:\/\/www.swisscleantech.ch\/files\/swisscleantech_fruehlingsanlass_bern_6maerz2019_03_web-1-300x193.jpg 300w, https:\/\/www.swisscleantech.ch\/files\/swisscleantech_fruehlingsanlass_bern_6maerz2019_03_web-1-768x495.jpg 768w\" sizes=\"(max-width: 910px) 100vw, 910px\" \/><\/a>\n\t\t\t<\/dt>\n\t\t\t\t<dd class='wp-caption-text gallery-caption' id='gallery-1-12744'>\n\t\t\t\tFruehlingsanlass von swisscleantech in Bern am 6. Maerz 2019 von Thomas Hodel\n\t\t\t\t<\/dd><\/dl><dl class='gallery-item'>\n\t\t\t<dt class='gallery-icon landscape'>\n\t\t\t\t<a href='https:\/\/www.swisscleantech.ch\/fr\/article\/lavenir-demande-du-courage\/fruehlingsanlass-von-swisscleantech-in-bern-am-6-maerz-2019-von-thomas-hodel-55\/'><img width=\"910\" height=\"612\" src=\"https:\/\/www.swisscleantech.ch\/files\/swisscleantech_fruehlingsanlass_bern_6maerz2019_06_web-1.jpg\" class=\"attachment-full size-full\" alt=\"\" decoding=\"async\" loading=\"lazy\" aria-describedby=\"gallery-1-12745\" srcset=\"https:\/\/www.swisscleantech.ch\/files\/swisscleantech_fruehlingsanlass_bern_6maerz2019_06_web-1.jpg 910w, https:\/\/www.swisscleantech.ch\/files\/swisscleantech_fruehlingsanlass_bern_6maerz2019_06_web-1-300x202.jpg 300w, https:\/\/www.swisscleantech.ch\/files\/swisscleantech_fruehlingsanlass_bern_6maerz2019_06_web-1-768x517.jpg 768w\" sizes=\"(max-width: 910px) 100vw, 910px\" \/><\/a>\n\t\t\t<\/dt>\n\t\t\t\t<dd class='wp-caption-text gallery-caption' id='gallery-1-12745'>\n\t\t\t\tFruehlingsanlass von swisscleantech in Bern am 6. Maerz 2019 von Thomas Hodel\n\t\t\t\t<\/dd><\/dl><br style=\"clear: both\" \/><dl class='gallery-item'>\n\t\t\t<dt class='gallery-icon landscape'>\n\t\t\t\t<a href='https:\/\/www.swisscleantech.ch\/fr\/article\/lavenir-demande-du-courage\/fruehlingsanlass-von-swisscleantech-in-bern-am-6-maerz-2019-von-thomas-hodel-55\/'><img width=\"910\" height=\"561\" src=\"https:\/\/www.swisscleantech.ch\/files\/swisscleantech_fruehlingsanlass_bern_6maerz2019_07_web-1.jpg\" class=\"attachment-full size-full\" alt=\"\" decoding=\"async\" loading=\"lazy\" aria-describedby=\"gallery-1-12746\" srcset=\"https:\/\/www.swisscleantech.ch\/files\/swisscleantech_fruehlingsanlass_bern_6maerz2019_07_web-1.jpg 910w, https:\/\/www.swisscleantech.ch\/files\/swisscleantech_fruehlingsanlass_bern_6maerz2019_07_web-1-300x185.jpg 300w, https:\/\/www.swisscleantech.ch\/files\/swisscleantech_fruehlingsanlass_bern_6maerz2019_07_web-1-768x473.jpg 768w\" sizes=\"(max-width: 910px) 100vw, 910px\" \/><\/a>\n\t\t\t<\/dt>\n\t\t\t\t<dd class='wp-caption-text gallery-caption' id='gallery-1-12746'>\n\t\t\t\tFruehlingsanlass von swisscleantech in Bern am 6. Maerz 2019 von Thomas Hodel\n\t\t\t\t<\/dd><\/dl><dl class='gallery-item'>\n\t\t\t<dt class='gallery-icon landscape'>\n\t\t\t\t<a href='https:\/\/www.swisscleantech.ch\/fr\/article\/lavenir-demande-du-courage\/fruehlingsanlass-von-swisscleantech-in-bern-am-6-maerz-2019-von-thomas-hodel-55\/'><img width=\"910\" height=\"590\" src=\"https:\/\/www.swisscleantech.ch\/files\/swisscleantech_fruehlingsanlass_bern_6maerz2019_08_web-1.jpg\" class=\"attachment-full size-full\" alt=\"\" decoding=\"async\" loading=\"lazy\" aria-describedby=\"gallery-1-12747\" srcset=\"https:\/\/www.swisscleantech.ch\/files\/swisscleantech_fruehlingsanlass_bern_6maerz2019_08_web-1.jpg 910w, https:\/\/www.swisscleantech.ch\/files\/swisscleantech_fruehlingsanlass_bern_6maerz2019_08_web-1-300x195.jpg 300w, https:\/\/www.swisscleantech.ch\/files\/swisscleantech_fruehlingsanlass_bern_6maerz2019_08_web-1-768x498.jpg 768w\" sizes=\"(max-width: 910px) 100vw, 910px\" \/><\/a>\n\t\t\t<\/dt>\n\t\t\t\t<dd class='wp-caption-text gallery-caption' id='gallery-1-12747'>\n\t\t\t\tFruehlingsanlass von swisscleantech in Bern am 6. Maerz 2019 von Thomas Hodel\n\t\t\t\t<\/dd><\/dl><dl class='gallery-item'>\n\t\t\t<dt class='gallery-icon landscape'>\n\t\t\t\t<a href='https:\/\/www.swisscleantech.ch\/fr\/article\/lavenir-demande-du-courage\/fruehlingsanlass-von-swisscleantech-in-bern-am-6-maerz-2019-von-thomas-hodel-55\/'><img width=\"910\" height=\"591\" src=\"https:\/\/www.swisscleantech.ch\/files\/swisscleantech_fruehlingsanlass_bern_6maerz2019_09_web-1.jpg\" class=\"attachment-full size-full\" alt=\"\" decoding=\"async\" loading=\"lazy\" aria-describedby=\"gallery-1-12748\" srcset=\"https:\/\/www.swisscleantech.ch\/files\/swisscleantech_fruehlingsanlass_bern_6maerz2019_09_web-1.jpg 910w, https:\/\/www.swisscleantech.ch\/files\/swisscleantech_fruehlingsanlass_bern_6maerz2019_09_web-1-300x195.jpg 300w, https:\/\/www.swisscleantech.ch\/files\/swisscleantech_fruehlingsanlass_bern_6maerz2019_09_web-1-768x499.jpg 768w\" sizes=\"(max-width: 910px) 100vw, 910px\" \/><\/a>\n\t\t\t<\/dt>\n\t\t\t\t<dd class='wp-caption-text gallery-caption' id='gallery-1-12748'>\n\t\t\t\tFruehlingsanlass von swisscleantech in Bern am 6. Maerz 2019 von Thomas Hodel\n\t\t\t\t<\/dd><\/dl><br style=\"clear: both\" \/><dl class='gallery-item'>\n\t\t\t<dt class='gallery-icon landscape'>\n\t\t\t\t<a href='https:\/\/www.swisscleantech.ch\/fr\/article\/lavenir-demande-du-courage\/fruehlingsanlass-von-swisscleantech-in-bern-am-6-maerz-2019-von-thomas-hodel-55\/'><img width=\"910\" height=\"578\" src=\"https:\/\/www.swisscleantech.ch\/files\/swisscleantech_fruehlingsanlass_bern_6maerz2019_16_web-1.jpg\" class=\"attachment-full size-full\" alt=\"\" decoding=\"async\" loading=\"lazy\" aria-describedby=\"gallery-1-12749\" srcset=\"https:\/\/www.swisscleantech.ch\/files\/swisscleantech_fruehlingsanlass_bern_6maerz2019_16_web-1.jpg 910w, https:\/\/www.swisscleantech.ch\/files\/swisscleantech_fruehlingsanlass_bern_6maerz2019_16_web-1-300x191.jpg 300w, https:\/\/www.swisscleantech.ch\/files\/swisscleantech_fruehlingsanlass_bern_6maerz2019_16_web-1-768x488.jpg 768w\" sizes=\"(max-width: 910px) 100vw, 910px\" \/><\/a>\n\t\t\t<\/dt>\n\t\t\t\t<dd class='wp-caption-text gallery-caption' id='gallery-1-12749'>\n\t\t\t\tFruehlingsanlass von swisscleantech in Bern am 6. Maerz 2019 von Thomas Hodel\n\t\t\t\t<\/dd><\/dl><dl class='gallery-item'>\n\t\t\t<dt class='gallery-icon landscape'>\n\t\t\t\t<a href='https:\/\/www.swisscleantech.ch\/fr\/article\/lavenir-demande-du-courage\/fruehlingsanlass-von-swisscleantech-in-bern-am-6-maerz-2019-von-thomas-hodel-55\/'><img width=\"910\" height=\"626\" src=\"https:\/\/www.swisscleantech.ch\/files\/swisscleantech_fruehlingsanlass_bern_6maerz2019_17_web-1.jpg\" class=\"attachment-full size-full\" alt=\"\" decoding=\"async\" loading=\"lazy\" aria-describedby=\"gallery-1-12750\" srcset=\"https:\/\/www.swisscleantech.ch\/files\/swisscleantech_fruehlingsanlass_bern_6maerz2019_17_web-1.jpg 910w, https:\/\/www.swisscleantech.ch\/files\/swisscleantech_fruehlingsanlass_bern_6maerz2019_17_web-1-300x206.jpg 300w, https:\/\/www.swisscleantech.ch\/files\/swisscleantech_fruehlingsanlass_bern_6maerz2019_17_web-1-768x528.jpg 768w\" sizes=\"(max-width: 910px) 100vw, 910px\" \/><\/a>\n\t\t\t<\/dt>\n\t\t\t\t<dd class='wp-caption-text gallery-caption' id='gallery-1-12750'>\n\t\t\t\tFruehlingsanlass von swisscleantech in Bern am 6. Maerz 2019 von Thomas Hodel\n\t\t\t\t<\/dd><\/dl><dl class='gallery-item'>\n\t\t\t<dt class='gallery-icon landscape'>\n\t\t\t\t<a href='https:\/\/www.swisscleantech.ch\/fr\/article\/lavenir-demande-du-courage\/fruehlingsanlass-von-swisscleantech-in-bern-am-6-maerz-2019-von-thomas-hodel-55\/'><img width=\"910\" height=\"575\" src=\"https:\/\/www.swisscleantech.ch\/files\/swisscleantech_fruehlingsanlass_bern_6maerz2019_19_web-1.jpg\" class=\"attachment-full size-full\" alt=\"\" decoding=\"async\" loading=\"lazy\" aria-describedby=\"gallery-1-12751\" srcset=\"https:\/\/www.swisscleantech.ch\/files\/swisscleantech_fruehlingsanlass_bern_6maerz2019_19_web-1.jpg 910w, https:\/\/www.swisscleantech.ch\/files\/swisscleantech_fruehlingsanlass_bern_6maerz2019_19_web-1-300x190.jpg 300w, https:\/\/www.swisscleantech.ch\/files\/swisscleantech_fruehlingsanlass_bern_6maerz2019_19_web-1-768x485.jpg 768w\" sizes=\"(max-width: 910px) 100vw, 910px\" \/><\/a>\n\t\t\t<\/dt>\n\t\t\t\t<dd class='wp-caption-text gallery-caption' id='gallery-1-12751'>\n\t\t\t\tFruehlingsanlass von swisscleantech in Bern am 6. Maerz 2019 von Thomas Hodel\n\t\t\t\t<\/dd><\/dl><br style=\"clear: both\" \/><dl class='gallery-item'>\n\t\t\t<dt class='gallery-icon landscape'>\n\t\t\t\t<a href='https:\/\/www.swisscleantech.ch\/fr\/article\/lavenir-demande-du-courage\/fruehlingsanlass-von-swisscleantech-in-bern-am-6-maerz-2019-von-thomas-hodel-55\/'><img width=\"910\" height=\"595\" src=\"https:\/\/www.swisscleantech.ch\/files\/swisscleantech_fruehlingsanlass_bern_6maerz2019_21_web-1.jpg\" class=\"attachment-full size-full\" alt=\"\" decoding=\"async\" loading=\"lazy\" aria-describedby=\"gallery-1-12752\" srcset=\"https:\/\/www.swisscleantech.ch\/files\/swisscleantech_fruehlingsanlass_bern_6maerz2019_21_web-1.jpg 910w, https:\/\/www.swisscleantech.ch\/files\/swisscleantech_fruehlingsanlass_bern_6maerz2019_21_web-1-300x196.jpg 300w, https:\/\/www.swisscleantech.ch\/files\/swisscleantech_fruehlingsanlass_bern_6maerz2019_21_web-1-768x502.jpg 768w\" sizes=\"(max-width: 910px) 100vw, 910px\" \/><\/a>\n\t\t\t<\/dt>\n\t\t\t\t<dd class='wp-caption-text gallery-caption' id='gallery-1-12752'>\n\t\t\t\tFruehlingsanlass von swisscleantech in Bern am 6. Maerz 2019 von Thomas Hodel\n\t\t\t\t<\/dd><\/dl><dl class='gallery-item'>\n\t\t\t<dt class='gallery-icon landscape'>\n\t\t\t\t<a href='https:\/\/www.swisscleantech.ch\/fr\/article\/lavenir-demande-du-courage\/fruehlingsanlass-von-swisscleantech-in-bern-am-6-maerz-2019-von-thomas-hodel-55\/'><img width=\"910\" height=\"539\" src=\"https:\/\/www.swisscleantech.ch\/files\/swisscleantech_fruehlingsanlass_bern_6maerz2019_27_web-1.jpg\" class=\"attachment-full size-full\" alt=\"\" decoding=\"async\" loading=\"lazy\" aria-describedby=\"gallery-1-12753\" srcset=\"https:\/\/www.swisscleantech.ch\/files\/swisscleantech_fruehlingsanlass_bern_6maerz2019_27_web-1.jpg 910w, https:\/\/www.swisscleantech.ch\/files\/swisscleantech_fruehlingsanlass_bern_6maerz2019_27_web-1-300x178.jpg 300w, https:\/\/www.swisscleantech.ch\/files\/swisscleantech_fruehlingsanlass_bern_6maerz2019_27_web-1-768x455.jpg 768w\" sizes=\"(max-width: 910px) 100vw, 910px\" \/><\/a>\n\t\t\t<\/dt>\n\t\t\t\t<dd class='wp-caption-text gallery-caption' id='gallery-1-12753'>\n\t\t\t\tFruehlingsanlass von swisscleantech in Bern am 6. Maerz 2019 von Thomas Hodel\n\t\t\t\t<\/dd><\/dl><dl class='gallery-item'>\n\t\t\t<dt class='gallery-icon landscape'>\n\t\t\t\t<a href='https:\/\/www.swisscleantech.ch\/fr\/article\/lavenir-demande-du-courage\/fruehlingsanlass-von-swisscleantech-in-bern-am-6-maerz-2019-von-thomas-hodel-55\/'><img width=\"910\" height=\"603\" src=\"https:\/\/www.swisscleantech.ch\/files\/swisscleantech_fruehlingsanlass_bern_6maerz2019_28_web-1.jpg\" class=\"attachment-full size-full\" alt=\"\" decoding=\"async\" loading=\"lazy\" aria-describedby=\"gallery-1-12754\" srcset=\"https:\/\/www.swisscleantech.ch\/files\/swisscleantech_fruehlingsanlass_bern_6maerz2019_28_web-1.jpg 910w, https:\/\/www.swisscleantech.ch\/files\/swisscleantech_fruehlingsanlass_bern_6maerz2019_28_web-1-300x199.jpg 300w, https:\/\/www.swisscleantech.ch\/files\/swisscleantech_fruehlingsanlass_bern_6maerz2019_28_web-1-768x509.jpg 768w\" sizes=\"(max-width: 910px) 100vw, 910px\" \/><\/a>\n\t\t\t<\/dt>\n\t\t\t\t<dd class='wp-caption-text gallery-caption' id='gallery-1-12754'>\n\t\t\t\tFruehlingsanlass von swisscleantech in Bern am 6. Maerz 2019 von Thomas Hodel\n\t\t\t\t<\/dd><\/dl><br style=\"clear: both\" \/><dl class='gallery-item'>\n\t\t\t<dt class='gallery-icon landscape'>\n\t\t\t\t<a href='https:\/\/www.swisscleantech.ch\/fr\/article\/lavenir-demande-du-courage\/fruehlingsanlass-von-swisscleantech-in-bern-am-6-maerz-2019-von-thomas-hodel-55\/'><img width=\"910\" height=\"600\" src=\"https:\/\/www.swisscleantech.ch\/files\/swisscleantech_fruehlingsanlass_bern_6maerz2019_29_web-1.jpg\" class=\"attachment-full size-full\" alt=\"\" decoding=\"async\" loading=\"lazy\" aria-describedby=\"gallery-1-12755\" srcset=\"https:\/\/www.swisscleantech.ch\/files\/swisscleantech_fruehlingsanlass_bern_6maerz2019_29_web-1.jpg 910w, https:\/\/www.swisscleantech.ch\/files\/swisscleantech_fruehlingsanlass_bern_6maerz2019_29_web-1-300x198.jpg 300w, https:\/\/www.swisscleantech.ch\/files\/swisscleantech_fruehlingsanlass_bern_6maerz2019_29_web-1-768x506.jpg 768w\" sizes=\"(max-width: 910px) 100vw, 910px\" \/><\/a>\n\t\t\t<\/dt>\n\t\t\t\t<dd class='wp-caption-text gallery-caption' id='gallery-1-12755'>\n\t\t\t\tFruehlingsanlass von swisscleantech in Bern am 6. Maerz 2019 von Thomas Hodel\n\t\t\t\t<\/dd><\/dl><dl class='gallery-item'>\n\t\t\t<dt class='gallery-icon landscape'>\n\t\t\t\t<a href='https:\/\/www.swisscleantech.ch\/fr\/article\/lavenir-demande-du-courage\/fruehlingsanlass-von-swisscleantech-in-bern-am-6-maerz-2019-von-thomas-hodel-55\/'><img width=\"910\" height=\"548\" src=\"https:\/\/www.swisscleantech.ch\/files\/swisscleantech_fruehlingsanlass_bern_6maerz2019_30_web-1.jpg\" class=\"attachment-full size-full\" alt=\"\" decoding=\"async\" loading=\"lazy\" aria-describedby=\"gallery-1-12756\" srcset=\"https:\/\/www.swisscleantech.ch\/files\/swisscleantech_fruehlingsanlass_bern_6maerz2019_30_web-1.jpg 910w, https:\/\/www.swisscleantech.ch\/files\/swisscleantech_fruehlingsanlass_bern_6maerz2019_30_web-1-300x181.jpg 300w, https:\/\/www.swisscleantech.ch\/files\/swisscleantech_fruehlingsanlass_bern_6maerz2019_30_web-1-768x462.jpg 768w\" sizes=\"(max-width: 910px) 100vw, 910px\" \/><\/a>\n\t\t\t<\/dt>\n\t\t\t\t<dd class='wp-caption-text gallery-caption' id='gallery-1-12756'>\n\t\t\t\tFruehlingsanlass von swisscleantech in Bern am 6. Maerz 2019 von Thomas Hodel\n\t\t\t\t<\/dd><\/dl><dl class='gallery-item'>\n\t\t\t<dt class='gallery-icon landscape'>\n\t\t\t\t<a href='https:\/\/www.swisscleantech.ch\/fr\/article\/lavenir-demande-du-courage\/fruehlingsanlass-von-swisscleantech-in-bern-am-6-maerz-2019-von-thomas-hodel-55\/'><img width=\"910\" height=\"607\" src=\"https:\/\/www.swisscleantech.ch\/files\/swisscleantech_fruehlingsanlass_bern_6maerz2019_31_web-1.jpg\" class=\"attachment-full size-full\" alt=\"\" decoding=\"async\" loading=\"lazy\" aria-describedby=\"gallery-1-12757\" srcset=\"https:\/\/www.swisscleantech.ch\/files\/swisscleantech_fruehlingsanlass_bern_6maerz2019_31_web-1.jpg 910w, https:\/\/www.swisscleantech.ch\/files\/swisscleantech_fruehlingsanlass_bern_6maerz2019_31_web-1-300x200.jpg 300w, https:\/\/www.swisscleantech.ch\/files\/swisscleantech_fruehlingsanlass_bern_6maerz2019_31_web-1-768x512.jpg 768w\" sizes=\"(max-width: 910px) 100vw, 910px\" \/><\/a>\n\t\t\t<\/dt>\n\t\t\t\t<dd class='wp-caption-text gallery-caption' id='gallery-1-12757'>\n\t\t\t\tFruehlingsanlass von swisscleantech in Bern am 6. Maerz 2019 von Thomas Hodel\n\t\t\t\t<\/dd><\/dl><br style=\"clear: both\" \/><dl class='gallery-item'>\n\t\t\t<dt class='gallery-icon landscape'>\n\t\t\t\t<a href='https:\/\/www.swisscleantech.ch\/fr\/article\/lavenir-demande-du-courage\/fruehlingsanlass-von-swisscleantech-in-bern-am-6-maerz-2019-von-thomas-hodel-55\/'><img width=\"910\" height=\"599\" src=\"https:\/\/www.swisscleantech.ch\/files\/swisscleantech_fruehlingsanlass_bern_6maerz2019_32_web-1.jpg\" class=\"attachment-full size-full\" alt=\"\" decoding=\"async\" loading=\"lazy\" aria-describedby=\"gallery-1-12758\" srcset=\"https:\/\/www.swisscleantech.ch\/files\/swisscleantech_fruehlingsanlass_bern_6maerz2019_32_web-1.jpg 910w, https:\/\/www.swisscleantech.ch\/files\/swisscleantech_fruehlingsanlass_bern_6maerz2019_32_web-1-300x197.jpg 300w, https:\/\/www.swisscleantech.ch\/files\/swisscleantech_fruehlingsanlass_bern_6maerz2019_32_web-1-768x506.jpg 768w\" sizes=\"(max-width: 910px) 100vw, 910px\" \/><\/a>\n\t\t\t<\/dt>\n\t\t\t\t<dd class='wp-caption-text gallery-caption' id='gallery-1-12758'>\n\t\t\t\tFruehlingsanlass von swisscleantech in Bern am 6. Maerz 2019 von Thomas Hodel\n\t\t\t\t<\/dd><\/dl><dl class='gallery-item'>\n\t\t\t<dt class='gallery-icon landscape'>\n\t\t\t\t<a href='https:\/\/www.swisscleantech.ch\/fr\/article\/lavenir-demande-du-courage\/fruehlingsanlass-von-swisscleantech-in-bern-am-6-maerz-2019-von-thomas-hodel-55\/'><img width=\"910\" height=\"596\" src=\"https:\/\/www.swisscleantech.ch\/files\/swisscleantech_fruehlingsanlass_bern_6maerz2019_34_web-1.jpg\" class=\"attachment-full size-full\" alt=\"\" decoding=\"async\" loading=\"lazy\" aria-describedby=\"gallery-1-12759\" srcset=\"https:\/\/www.swisscleantech.ch\/files\/swisscleantech_fruehlingsanlass_bern_6maerz2019_34_web-1.jpg 910w, https:\/\/www.swisscleantech.ch\/files\/swisscleantech_fruehlingsanlass_bern_6maerz2019_34_web-1-300x196.jpg 300w, https:\/\/www.swisscleantech.ch\/files\/swisscleantech_fruehlingsanlass_bern_6maerz2019_34_web-1-768x503.jpg 768w\" sizes=\"(max-width: 910px) 100vw, 910px\" \/><\/a>\n\t\t\t<\/dt>\n\t\t\t\t<dd class='wp-caption-text gallery-caption' id='gallery-1-12759'>\n\t\t\t\tFruehlingsanlass von swisscleantech in Bern am 6. Maerz 2019 von Thomas Hodel\n\t\t\t\t<\/dd><\/dl><dl class='gallery-item'>\n\t\t\t<dt class='gallery-icon landscape'>\n\t\t\t\t<a href='https:\/\/www.swisscleantech.ch\/fr\/article\/lavenir-demande-du-courage\/fruehlingsanlass-von-swisscleantech-in-bern-am-6-maerz-2019-von-thomas-hodel-55\/'><img width=\"910\" height=\"590\" src=\"https:\/\/www.swisscleantech.ch\/files\/swisscleantech_fruehlingsanlass_bern_6maerz2019_36_web-1.jpg\" class=\"attachment-full size-full\" alt=\"\" decoding=\"async\" loading=\"lazy\" aria-describedby=\"gallery-1-12760\" srcset=\"https:\/\/www.swisscleantech.ch\/files\/swisscleantech_fruehlingsanlass_bern_6maerz2019_36_web-1.jpg 910w, https:\/\/www.swisscleantech.ch\/files\/swisscleantech_fruehlingsanlass_bern_6maerz2019_36_web-1-300x195.jpg 300w, https:\/\/www.swisscleantech.ch\/files\/swisscleantech_fruehlingsanlass_bern_6maerz2019_36_web-1-768x498.jpg 768w\" sizes=\"(max-width: 910px) 100vw, 910px\" \/><\/a>\n\t\t\t<\/dt>\n\t\t\t\t<dd class='wp-caption-text gallery-caption' id='gallery-1-12760'>\n\t\t\t\tFruehlingsanlass von swisscleantech in Bern am 6. Maerz 2019 von Thomas Hodel\n\t\t\t\t<\/dd><\/dl><br style=\"clear: both\" \/><dl class='gallery-item'>\n\t\t\t<dt class='gallery-icon landscape'>\n\t\t\t\t<a href='https:\/\/www.swisscleantech.ch\/fr\/article\/lavenir-demande-du-courage\/fruehlingsanlass-von-swisscleantech-in-bern-am-6-maerz-2019-von-thomas-hodel-55\/'><img width=\"910\" height=\"610\" src=\"https:\/\/www.swisscleantech.ch\/files\/swisscleantech_fruehlingsanlass_bern_6maerz2019_38_web-1.jpg\" class=\"attachment-full size-full\" alt=\"\" decoding=\"async\" loading=\"lazy\" aria-describedby=\"gallery-1-12761\" srcset=\"https:\/\/www.swisscleantech.ch\/files\/swisscleantech_fruehlingsanlass_bern_6maerz2019_38_web-1.jpg 910w, https:\/\/www.swisscleantech.ch\/files\/swisscleantech_fruehlingsanlass_bern_6maerz2019_38_web-1-300x201.jpg 300w, https:\/\/www.swisscleantech.ch\/files\/swisscleantech_fruehlingsanlass_bern_6maerz2019_38_web-1-768x515.jpg 768w\" sizes=\"(max-width: 910px) 100vw, 910px\" \/><\/a>\n\t\t\t<\/dt>\n\t\t\t\t<dd class='wp-caption-text gallery-caption' id='gallery-1-12761'>\n\t\t\t\tFruehlingsanlass von swisscleantech in Bern am 6. Maerz 2019 von Thomas Hodel\n\t\t\t\t<\/dd><\/dl><dl class='gallery-item'>\n\t\t\t<dt class='gallery-icon landscape'>\n\t\t\t\t<a href='https:\/\/www.swisscleantech.ch\/fr\/article\/lavenir-demande-du-courage\/fruehlingsanlass-von-swisscleantech-in-bern-am-6-maerz-2019-von-thomas-hodel-55\/'><img width=\"910\" height=\"578\" src=\"https:\/\/www.swisscleantech.ch\/files\/swisscleantech_fruehlingsanlass_bern_6maerz2019_39_web-1.jpg\" class=\"attachment-full size-full\" alt=\"\" decoding=\"async\" loading=\"lazy\" aria-describedby=\"gallery-1-12762\" srcset=\"https:\/\/www.swisscleantech.ch\/files\/swisscleantech_fruehlingsanlass_bern_6maerz2019_39_web-1.jpg 910w, https:\/\/www.swisscleantech.ch\/files\/swisscleantech_fruehlingsanlass_bern_6maerz2019_39_web-1-300x191.jpg 300w, https:\/\/www.swisscleantech.ch\/files\/swisscleantech_fruehlingsanlass_bern_6maerz2019_39_web-1-768x488.jpg 768w\" sizes=\"(max-width: 910px) 100vw, 910px\" \/><\/a>\n\t\t\t<\/dt>\n\t\t\t\t<dd class='wp-caption-text gallery-caption' id='gallery-1-12762'>\n\t\t\t\tFruehlingsanlass von swisscleantech in Bern am 6. Maerz 2019 von Thomas Hodel\n\t\t\t\t<\/dd><\/dl><dl class='gallery-item'>\n\t\t\t<dt class='gallery-icon landscape'>\n\t\t\t\t<a href='https:\/\/www.swisscleantech.ch\/fr\/article\/lavenir-demande-du-courage\/fruehlingsanlass-von-swisscleantech-in-bern-am-6-maerz-2019-von-thomas-hodel-55\/'><img width=\"910\" height=\"536\" src=\"https:\/\/www.swisscleantech.ch\/files\/swisscleantech_fruehlingsanlass_bern_6maerz2019_40_web-1.jpg\" class=\"attachment-full size-full\" alt=\"\" decoding=\"async\" loading=\"lazy\" aria-describedby=\"gallery-1-12763\" srcset=\"https:\/\/www.swisscleantech.ch\/files\/swisscleantech_fruehlingsanlass_bern_6maerz2019_40_web-1.jpg 910w, https:\/\/www.swisscleantech.ch\/files\/swisscleantech_fruehlingsanlass_bern_6maerz2019_40_web-1-300x177.jpg 300w, https:\/\/www.swisscleantech.ch\/files\/swisscleantech_fruehlingsanlass_bern_6maerz2019_40_web-1-768x452.jpg 768w\" sizes=\"(max-width: 910px) 100vw, 910px\" \/><\/a>\n\t\t\t<\/dt>\n\t\t\t\t<dd class='wp-caption-text gallery-caption' id='gallery-1-12763'>\n\t\t\t\tFruehlingsanlass von swisscleantech in Bern am 6. Maerz 2019 von Thomas Hodel\n\t\t\t\t<\/dd><\/dl><br style=\"clear: both\" \/><dl class='gallery-item'>\n\t\t\t<dt class='gallery-icon landscape'>\n\t\t\t\t<a href='https:\/\/www.swisscleantech.ch\/fr\/article\/lavenir-demande-du-courage\/fruehlingsanlass-von-swisscleantech-in-bern-am-6-maerz-2019-von-thomas-hodel-55\/'><img width=\"910\" height=\"588\" src=\"https:\/\/www.swisscleantech.ch\/files\/swisscleantech_fruehlingsanlass_bern_6maerz2019_41_web-1.jpg\" class=\"attachment-full size-full\" alt=\"\" decoding=\"async\" loading=\"lazy\" aria-describedby=\"gallery-1-12764\" srcset=\"https:\/\/www.swisscleantech.ch\/files\/swisscleantech_fruehlingsanlass_bern_6maerz2019_41_web-1.jpg 910w, https:\/\/www.swisscleantech.ch\/files\/swisscleantech_fruehlingsanlass_bern_6maerz2019_41_web-1-300x194.jpg 300w, https:\/\/www.swisscleantech.ch\/files\/swisscleantech_fruehlingsanlass_bern_6maerz2019_41_web-1-768x496.jpg 768w\" sizes=\"(max-width: 910px) 100vw, 910px\" \/><\/a>\n\t\t\t<\/dt>\n\t\t\t\t<dd class='wp-caption-text gallery-caption' id='gallery-1-12764'>\n\t\t\t\tFruehlingsanlass von swisscleantech in Bern am 6. Maerz 2019 von Thomas Hodel\n\t\t\t\t<\/dd><\/dl><dl class='gallery-item'>\n\t\t\t<dt class='gallery-icon landscape'>\n\t\t\t\t<a href='https:\/\/www.swisscleantech.ch\/fr\/article\/lavenir-demande-du-courage\/fruehlingsanlass-von-swisscleantech-in-bern-am-6-maerz-2019-von-thomas-hodel-55\/'><img width=\"910\" height=\"577\" src=\"https:\/\/www.swisscleantech.ch\/files\/swisscleantech_fruehlingsanlass_bern_6maerz2019_42_web-1.jpg\" class=\"attachment-full size-full\" alt=\"\" decoding=\"async\" loading=\"lazy\" aria-describedby=\"gallery-1-12765\" srcset=\"https:\/\/www.swisscleantech.ch\/files\/swisscleantech_fruehlingsanlass_bern_6maerz2019_42_web-1.jpg 910w, https:\/\/www.swisscleantech.ch\/files\/swisscleantech_fruehlingsanlass_bern_6maerz2019_42_web-1-300x190.jpg 300w, https:\/\/www.swisscleantech.ch\/files\/swisscleantech_fruehlingsanlass_bern_6maerz2019_42_web-1-768x487.jpg 768w\" sizes=\"(max-width: 910px) 100vw, 910px\" \/><\/a>\n\t\t\t<\/dt>\n\t\t\t\t<dd class='wp-caption-text gallery-caption' id='gallery-1-12765'>\n\t\t\t\tFruehlingsanlass von swisscleantech in Bern am 6. Maerz 2019 von Thomas Hodel\n\t\t\t\t<\/dd><\/dl><dl class='gallery-item'>\n\t\t\t<dt class='gallery-icon landscape'>\n\t\t\t\t<a href='https:\/\/www.swisscleantech.ch\/fr\/article\/lavenir-demande-du-courage\/fruehlingsanlass-von-swisscleantech-in-bern-am-6-maerz-2019-von-thomas-hodel-55\/'><img width=\"910\" height=\"580\" src=\"https:\/\/www.swisscleantech.ch\/files\/swisscleantech_fruehlingsanlass_bern_6maerz2019_43_web-1.jpg\" class=\"attachment-full size-full\" alt=\"\" decoding=\"async\" loading=\"lazy\" aria-describedby=\"gallery-1-12766\" srcset=\"https:\/\/www.swisscleantech.ch\/files\/swisscleantech_fruehlingsanlass_bern_6maerz2019_43_web-1.jpg 910w, https:\/\/www.swisscleantech.ch\/files\/swisscleantech_fruehlingsanlass_bern_6maerz2019_43_web-1-300x191.jpg 300w, https:\/\/www.swisscleantech.ch\/files\/swisscleantech_fruehlingsanlass_bern_6maerz2019_43_web-1-768x489.jpg 768w\" sizes=\"(max-width: 910px) 100vw, 910px\" \/><\/a>\n\t\t\t<\/dt>\n\t\t\t\t<dd class='wp-caption-text gallery-caption' id='gallery-1-12766'>\n\t\t\t\tFruehlingsanlass von swisscleantech in Bern am 6. Maerz 2019 von Thomas Hodel\n\t\t\t\t<\/dd><\/dl><br style=\"clear: both\" \/><dl class='gallery-item'>\n\t\t\t<dt class='gallery-icon landscape'>\n\t\t\t\t<a href='https:\/\/www.swisscleantech.ch\/fr\/article\/lavenir-demande-du-courage\/fruehlingsanlass-von-swisscleantech-in-bern-am-6-maerz-2019-von-thomas-hodel-55\/'><img width=\"910\" height=\"629\" src=\"https:\/\/www.swisscleantech.ch\/files\/swisscleantech_fruehlingsanlass_bern_6maerz2019_45_web-1.jpg\" class=\"attachment-full size-full\" alt=\"\" decoding=\"async\" loading=\"lazy\" aria-describedby=\"gallery-1-12767\" srcset=\"https:\/\/www.swisscleantech.ch\/files\/swisscleantech_fruehlingsanlass_bern_6maerz2019_45_web-1.jpg 910w, https:\/\/www.swisscleantech.ch\/files\/swisscleantech_fruehlingsanlass_bern_6maerz2019_45_web-1-300x207.jpg 300w, https:\/\/www.swisscleantech.ch\/files\/swisscleantech_fruehlingsanlass_bern_6maerz2019_45_web-1-768x531.jpg 768w\" sizes=\"(max-width: 910px) 100vw, 910px\" \/><\/a>\n\t\t\t<\/dt>\n\t\t\t\t<dd class='wp-caption-text gallery-caption' id='gallery-1-12767'>\n\t\t\t\tFruehlingsanlass von swisscleantech in Bern am 6. Maerz 2019 von Thomas Hodel\n\t\t\t\t<\/dd><\/dl><dl class='gallery-item'>\n\t\t\t<dt class='gallery-icon landscape'>\n\t\t\t\t<a href='https:\/\/www.swisscleantech.ch\/fr\/article\/lavenir-demande-du-courage\/fruehlingsanlass-von-swisscleantech-in-bern-am-6-maerz-2019-von-thomas-hodel-55\/'><img width=\"910\" height=\"603\" src=\"https:\/\/www.swisscleantech.ch\/files\/swisscleantech_fruehlingsanlass_bern_6maerz2019_46_web-1.jpg\" class=\"attachment-full size-full\" alt=\"\" decoding=\"async\" loading=\"lazy\" aria-describedby=\"gallery-1-12768\" srcset=\"https:\/\/www.swisscleantech.ch\/files\/swisscleantech_fruehlingsanlass_bern_6maerz2019_46_web-1.jpg 910w, https:\/\/www.swisscleantech.ch\/files\/swisscleantech_fruehlingsanlass_bern_6maerz2019_46_web-1-300x199.jpg 300w, https:\/\/www.swisscleantech.ch\/files\/swisscleantech_fruehlingsanlass_bern_6maerz2019_46_web-1-768x509.jpg 768w\" sizes=\"(max-width: 910px) 100vw, 910px\" \/><\/a>\n\t\t\t<\/dt>\n\t\t\t\t<dd class='wp-caption-text gallery-caption' id='gallery-1-12768'>\n\t\t\t\tFruehlingsanlass von swisscleantech in Bern am 6. Maerz 2019 von Thomas Hodel\n\t\t\t\t<\/dd><\/dl><dl class='gallery-item'>\n\t\t\t<dt class='gallery-icon landscape'>\n\t\t\t\t<a href='https:\/\/www.swisscleantech.ch\/fr\/article\/lavenir-demande-du-courage\/fruehlingsanlass-von-swisscleantech-in-bern-am-6-maerz-2019-von-thomas-hodel-55\/'><img width=\"910\" height=\"567\" src=\"https:\/\/www.swisscleantech.ch\/files\/swisscleantech_fruehlingsanlass_bern_6maerz2019_48_web-1.jpg\" class=\"attachment-full size-full\" alt=\"\" decoding=\"async\" loading=\"lazy\" aria-describedby=\"gallery-1-12769\" srcset=\"https:\/\/www.swisscleantech.ch\/files\/swisscleantech_fruehlingsanlass_bern_6maerz2019_48_web-1.jpg 910w, https:\/\/www.swisscleantech.ch\/files\/swisscleantech_fruehlingsanlass_bern_6maerz2019_48_web-1-300x187.jpg 300w, https:\/\/www.swisscleantech.ch\/files\/swisscleantech_fruehlingsanlass_bern_6maerz2019_48_web-1-768x479.jpg 768w\" sizes=\"(max-width: 910px) 100vw, 910px\" \/><\/a>\n\t\t\t<\/dt>\n\t\t\t\t<dd class='wp-caption-text gallery-caption' id='gallery-1-12769'>\n\t\t\t\tFruehlingsanlass von swisscleantech in Bern am 6. Maerz 2019 von Thomas Hodel\n\t\t\t\t<\/dd><\/dl><br style=\"clear: both\" \/><dl class='gallery-item'>\n\t\t\t<dt class='gallery-icon landscape'>\n\t\t\t\t<a href='https:\/\/www.swisscleantech.ch\/fr\/article\/lavenir-demande-du-courage\/fruehlingsanlass-von-swisscleantech-in-bern-am-6-maerz-2019-von-thomas-hodel-55\/'><img width=\"910\" height=\"571\" src=\"https:\/\/www.swisscleantech.ch\/files\/swisscleantech_fruehlingsanlass_bern_6maerz2019_52_web-1.jpg\" class=\"attachment-full size-full\" alt=\"\" decoding=\"async\" loading=\"lazy\" aria-describedby=\"gallery-1-12770\" srcset=\"https:\/\/www.swisscleantech.ch\/files\/swisscleantech_fruehlingsanlass_bern_6maerz2019_52_web-1.jpg 910w, https:\/\/www.swisscleantech.ch\/files\/swisscleantech_fruehlingsanlass_bern_6maerz2019_52_web-1-300x188.jpg 300w, https:\/\/www.swisscleantech.ch\/files\/swisscleantech_fruehlingsanlass_bern_6maerz2019_52_web-1-768x482.jpg 768w\" sizes=\"(max-width: 910px) 100vw, 910px\" \/><\/a>\n\t\t\t<\/dt>\n\t\t\t\t<dd class='wp-caption-text gallery-caption' id='gallery-1-12770'>\n\t\t\t\tFruehlingsanlass von swisscleantech in Bern am 6. Maerz 2019 von Thomas Hodel\n\t\t\t\t<\/dd><\/dl><dl class='gallery-item'>\n\t\t\t<dt class='gallery-icon landscape'>\n\t\t\t\t<a href='https:\/\/www.swisscleantech.ch\/fr\/article\/lavenir-demande-du-courage\/fruehlingsanlass-von-swisscleantech-in-bern-am-6-maerz-2019-von-thomas-hodel-55\/'><img width=\"910\" height=\"593\" src=\"https:\/\/www.swisscleantech.ch\/files\/swisscleantech_fruehlingsanlass_bern_6maerz2019_53_web-1.jpg\" class=\"attachment-full size-full\" alt=\"\" decoding=\"async\" loading=\"lazy\" aria-describedby=\"gallery-1-12771\" srcset=\"https:\/\/www.swisscleantech.ch\/files\/swisscleantech_fruehlingsanlass_bern_6maerz2019_53_web-1.jpg 910w, https:\/\/www.swisscleantech.ch\/files\/swisscleantech_fruehlingsanlass_bern_6maerz2019_53_web-1-300x195.jpg 300w, https:\/\/www.swisscleantech.ch\/files\/swisscleantech_fruehlingsanlass_bern_6maerz2019_53_web-1-768x500.jpg 768w\" sizes=\"(max-width: 910px) 100vw, 910px\" \/><\/a>\n\t\t\t<\/dt>\n\t\t\t\t<dd class='wp-caption-text gallery-caption' id='gallery-1-12771'>\n\t\t\t\tFruehlingsanlass von swisscleantech in Bern am 6. Maerz 2019 von Thomas Hodel\n\t\t\t\t<\/dd><\/dl><dl class='gallery-item'>\n\t\t\t<dt class='gallery-icon landscape'>\n\t\t\t\t<a href='https:\/\/www.swisscleantech.ch\/fr\/article\/lavenir-demande-du-courage\/fruehlingsanlass-von-swisscleantech-in-bern-am-6-maerz-2019-von-thomas-hodel-55\/'><img width=\"910\" height=\"593\" src=\"https:\/\/www.swisscleantech.ch\/files\/swisscleantech_fruehlingsanlass_bern_6maerz2019_55_web-1.jpg\" class=\"attachment-full size-full\" alt=\"\" decoding=\"async\" loading=\"lazy\" aria-describedby=\"gallery-1-12772\" srcset=\"https:\/\/www.swisscleantech.ch\/files\/swisscleantech_fruehlingsanlass_bern_6maerz2019_55_web-1.jpg 910w, https:\/\/www.swisscleantech.ch\/files\/swisscleantech_fruehlingsanlass_bern_6maerz2019_55_web-1-300x195.jpg 300w, https:\/\/www.swisscleantech.ch\/files\/swisscleantech_fruehlingsanlass_bern_6maerz2019_55_web-1-768x500.jpg 768w\" sizes=\"(max-width: 910px) 100vw, 910px\" \/><\/a>\n\t\t\t<\/dt>\n\t\t\t\t<dd class='wp-caption-text gallery-caption' id='gallery-1-12772'>\n\t\t\t\tFruehlingsanlass von swisscleantech in Bern am 6. Maerz 2019 von Thomas Hodel\n\t\t\t\t<\/dd><\/dl><br style=\"clear: both\" \/><dl class='gallery-item'>\n\t\t\t<dt class='gallery-icon landscape'>\n\t\t\t\t<a href='https:\/\/www.swisscleantech.ch\/fr\/article\/lavenir-demande-du-courage\/fruehlingsanlass-von-swisscleantech-in-bern-am-6-maerz-2019-von-thomas-hodel-55\/'><img width=\"910\" height=\"592\" src=\"https:\/\/www.swisscleantech.ch\/files\/swisscleantech_fruehlingsanlass_bern_6maerz2019_61_web-1.jpg\" class=\"attachment-full size-full\" alt=\"\" decoding=\"async\" loading=\"lazy\" aria-describedby=\"gallery-1-12773\" srcset=\"https:\/\/www.swisscleantech.ch\/files\/swisscleantech_fruehlingsanlass_bern_6maerz2019_61_web-1.jpg 910w, https:\/\/www.swisscleantech.ch\/files\/swisscleantech_fruehlingsanlass_bern_6maerz2019_61_web-1-300x195.jpg 300w, https:\/\/www.swisscleantech.ch\/files\/swisscleantech_fruehlingsanlass_bern_6maerz2019_61_web-1-768x500.jpg 768w\" sizes=\"(max-width: 910px) 100vw, 910px\" \/><\/a>\n\t\t\t<\/dt>\n\t\t\t\t<dd class='wp-caption-text gallery-caption' id='gallery-1-12773'>\n\t\t\t\tFruehlingsanlass von swisscleantech in Bern am 6. Maerz 2019 von Thomas Hodel\n\t\t\t\t<\/dd><\/dl><dl class='gallery-item'>\n\t\t\t<dt class='gallery-icon landscape'>\n\t\t\t\t<a href='https:\/\/www.swisscleantech.ch\/fr\/article\/lavenir-demande-du-courage\/fruehlingsanlass-von-swisscleantech-in-bern-am-6-maerz-2019-von-thomas-hodel-55\/'><img width=\"910\" height=\"591\" src=\"https:\/\/www.swisscleantech.ch\/files\/swisscleantech_fruehlingsanlass_bern_6maerz2019_64_web-1.jpg\" class=\"attachment-full size-full\" alt=\"\" decoding=\"async\" loading=\"lazy\" aria-describedby=\"gallery-1-12774\" srcset=\"https:\/\/www.swisscleantech.ch\/files\/swisscleantech_fruehlingsanlass_bern_6maerz2019_64_web-1.jpg 910w, https:\/\/www.swisscleantech.ch\/files\/swisscleantech_fruehlingsanlass_bern_6maerz2019_64_web-1-300x195.jpg 300w, https:\/\/www.swisscleantech.ch\/files\/swisscleantech_fruehlingsanlass_bern_6maerz2019_64_web-1-768x499.jpg 768w\" sizes=\"(max-width: 910px) 100vw, 910px\" \/><\/a>\n\t\t\t<\/dt>\n\t\t\t\t<dd class='wp-caption-text gallery-caption' id='gallery-1-12774'>\n\t\t\t\tFruehlingsanlass von swisscleantech in Bern am 6. Maerz 2019 von Thomas Hodel\n\t\t\t\t<\/dd><\/dl><dl class='gallery-item'>\n\t\t\t<dt class='gallery-icon landscape'>\n\t\t\t\t<a href='https:\/\/www.swisscleantech.ch\/fr\/article\/lavenir-demande-du-courage\/fruehlingsanlass-von-swisscleantech-in-bern-am-6-maerz-2019-von-thomas-hodel-55\/'><img width=\"910\" height=\"622\" src=\"https:\/\/www.swisscleantech.ch\/files\/swisscleantech_fruehlingsanlass_bern_6maerz2019_65_web-1.jpg\" class=\"attachment-full size-full\" alt=\"\" decoding=\"async\" loading=\"lazy\" aria-describedby=\"gallery-1-12775\" srcset=\"https:\/\/www.swisscleantech.ch\/files\/swisscleantech_fruehlingsanlass_bern_6maerz2019_65_web-1.jpg 910w, https:\/\/www.swisscleantech.ch\/files\/swisscleantech_fruehlingsanlass_bern_6maerz2019_65_web-1-300x205.jpg 300w, https:\/\/www.swisscleantech.ch\/files\/swisscleantech_fruehlingsanlass_bern_6maerz2019_65_web-1-768x525.jpg 768w\" sizes=\"(max-width: 910px) 100vw, 910px\" \/><\/a>\n\t\t\t<\/dt>\n\t\t\t\t<dd class='wp-caption-text gallery-caption' id='gallery-1-12775'>\n\t\t\t\tFruehlingsanlass von swisscleantech in Bern am 6. Maerz 2019 von Thomas Hodel\n\t\t\t\t<\/dd><\/dl><br style=\"clear: both\" \/><dl class='gallery-item'>\n\t\t\t<dt class='gallery-icon landscape'>\n\t\t\t\t<a href='https:\/\/www.swisscleantech.ch\/fr\/article\/lavenir-demande-du-courage\/fruehlingsanlass-von-swisscleantech-in-bern-am-6-maerz-2019-von-thomas-hodel-55\/'><img width=\"910\" height=\"561\" src=\"https:\/\/www.swisscleantech.ch\/files\/swisscleantech_fruehlingsanlass_bern_6maerz2019_69_web-1.jpg\" class=\"attachment-full size-full\" alt=\"\" decoding=\"async\" loading=\"lazy\" aria-describedby=\"gallery-1-12776\" srcset=\"https:\/\/www.swisscleantech.ch\/files\/swisscleantech_fruehlingsanlass_bern_6maerz2019_69_web-1.jpg 910w, https:\/\/www.swisscleantech.ch\/files\/swisscleantech_fruehlingsanlass_bern_6maerz2019_69_web-1-300x185.jpg 300w, https:\/\/www.swisscleantech.ch\/files\/swisscleantech_fruehlingsanlass_bern_6maerz2019_69_web-1-768x473.jpg 768w\" sizes=\"(max-width: 910px) 100vw, 910px\" \/><\/a>\n\t\t\t<\/dt>\n\t\t\t\t<dd class='wp-caption-text gallery-caption' id='gallery-1-12776'>\n\t\t\t\tFruehlingsanlass von swisscleantech in Bern am 6. Maerz 2019 von Thomas Hodel\n\t\t\t\t<\/dd><\/dl><dl class='gallery-item'>\n\t\t\t<dt class='gallery-icon landscape'>\n\t\t\t\t<a href='https:\/\/www.swisscleantech.ch\/fr\/article\/lavenir-demande-du-courage\/fruehlingsanlass-von-swisscleantech-in-bern-am-6-maerz-2019-von-thomas-hodel-55\/'><img width=\"910\" height=\"582\" src=\"https:\/\/www.swisscleantech.ch\/files\/swisscleantech_fruehlingsanlass_bern_6maerz2019_70_web-1.jpg\" class=\"attachment-full size-full\" alt=\"\" decoding=\"async\" loading=\"lazy\" aria-describedby=\"gallery-1-12777\" srcset=\"https:\/\/www.swisscleantech.ch\/files\/swisscleantech_fruehlingsanlass_bern_6maerz2019_70_web-1.jpg 910w, https:\/\/www.swisscleantech.ch\/files\/swisscleantech_fruehlingsanlass_bern_6maerz2019_70_web-1-300x192.jpg 300w, https:\/\/www.swisscleantech.ch\/files\/swisscleantech_fruehlingsanlass_bern_6maerz2019_70_web-1-768x491.jpg 768w\" sizes=\"(max-width: 910px) 100vw, 910px\" \/><\/a>\n\t\t\t<\/dt>\n\t\t\t\t<dd class='wp-caption-text gallery-caption' id='gallery-1-12777'>\n\t\t\t\tFruehlingsanlass von swisscleantech in Bern am 6. Maerz 2019 von Thomas Hodel\n\t\t\t\t<\/dd><\/dl><dl class='gallery-item'>\n\t\t\t<dt class='gallery-icon landscape'>\n\t\t\t\t<a href='https:\/\/www.swisscleantech.ch\/fr\/article\/lavenir-demande-du-courage\/fruehlingsanlass-von-swisscleantech-in-bern-am-6-maerz-2019-von-thomas-hodel-55\/'><img width=\"910\" height=\"622\" src=\"https:\/\/www.swisscleantech.ch\/files\/swisscleantech_fruehlingsanlass_bern_6maerz2019_71_web-1.jpg\" class=\"attachment-full size-full\" alt=\"\" decoding=\"async\" loading=\"lazy\" aria-describedby=\"gallery-1-12778\" srcset=\"https:\/\/www.swisscleantech.ch\/files\/swisscleantech_fruehlingsanlass_bern_6maerz2019_71_web-1.jpg 910w, https:\/\/www.swisscleantech.ch\/files\/swisscleantech_fruehlingsanlass_bern_6maerz2019_71_web-1-300x205.jpg 300w, https:\/\/www.swisscleantech.ch\/files\/swisscleantech_fruehlingsanlass_bern_6maerz2019_71_web-1-768x525.jpg 768w\" sizes=\"(max-width: 910px) 100vw, 910px\" \/><\/a>\n\t\t\t<\/dt>\n\t\t\t\t<dd class='wp-caption-text gallery-caption' id='gallery-1-12778'>\n\t\t\t\tFruehlingsanlass von swisscleantech in Bern am 6. Maerz 2019 von Thomas Hodel\n\t\t\t\t<\/dd><\/dl><br style=\"clear: both\" \/><dl class='gallery-item'>\n\t\t\t<dt class='gallery-icon landscape'>\n\t\t\t\t<a href='https:\/\/www.swisscleantech.ch\/fr\/article\/lavenir-demande-du-courage\/fruehlingsanlass-von-swisscleantech-in-bern-am-6-maerz-2019-von-thomas-hodel-55\/'><img width=\"910\" height=\"582\" src=\"https:\/\/www.swisscleantech.ch\/files\/swisscleantech_fruehlingsanlass_bern_6maerz2019_72_web-1.jpg\" class=\"attachment-full size-full\" alt=\"\" decoding=\"async\" loading=\"lazy\" aria-describedby=\"gallery-1-12779\" srcset=\"https:\/\/www.swisscleantech.ch\/files\/swisscleantech_fruehlingsanlass_bern_6maerz2019_72_web-1.jpg 910w, https:\/\/www.swisscleantech.ch\/files\/swisscleantech_fruehlingsanlass_bern_6maerz2019_72_web-1-300x192.jpg 300w, https:\/\/www.swisscleantech.ch\/files\/swisscleantech_fruehlingsanlass_bern_6maerz2019_72_web-1-768x491.jpg 768w\" sizes=\"(max-width: 910px) 100vw, 910px\" \/><\/a>\n\t\t\t<\/dt>\n\t\t\t\t<dd class='wp-caption-text gallery-caption' id='gallery-1-12779'>\n\t\t\t\tFruehlingsanlass von swisscleantech in Bern am 6. Maerz 2019 von Thomas Hodel\n\t\t\t\t<\/dd><\/dl><dl class='gallery-item'>\n\t\t\t<dt class='gallery-icon landscape'>\n\t\t\t\t<a href='https:\/\/www.swisscleantech.ch\/fr\/article\/lavenir-demande-du-courage\/fruehlingsanlass-von-swisscleantech-in-bern-am-6-maerz-2019-von-thomas-hodel-55\/'><img width=\"910\" height=\"620\" src=\"https:\/\/www.swisscleantech.ch\/files\/swisscleantech_fruehlingsanlass_bern_6maerz2019_73_web-1.jpg\" class=\"attachment-full size-full\" alt=\"\" decoding=\"async\" loading=\"lazy\" aria-describedby=\"gallery-1-12780\" srcset=\"https:\/\/www.swisscleantech.ch\/files\/swisscleantech_fruehlingsanlass_bern_6maerz2019_73_web-1.jpg 910w, https:\/\/www.swisscleantech.ch\/files\/swisscleantech_fruehlingsanlass_bern_6maerz2019_73_web-1-300x204.jpg 300w, https:\/\/www.swisscleantech.ch\/files\/swisscleantech_fruehlingsanlass_bern_6maerz2019_73_web-1-768x523.jpg 768w\" sizes=\"(max-width: 910px) 100vw, 910px\" \/><\/a>\n\t\t\t<\/dt>\n\t\t\t\t<dd class='wp-caption-text gallery-caption' id='gallery-1-12780'>\n\t\t\t\tFruehlingsanlass von swisscleantech in Bern am 6. Maerz 2019 von Thomas Hodel\n\t\t\t\t<\/dd><\/dl><dl class='gallery-item'>\n\t\t\t<dt class='gallery-icon landscape'>\n\t\t\t\t<a href='https:\/\/www.swisscleantech.ch\/fr\/article\/lavenir-demande-du-courage\/fruehlingsanlass-von-swisscleantech-in-bern-am-6-maerz-2019-von-thomas-hodel-55\/'><img width=\"910\" height=\"590\" src=\"https:\/\/www.swisscleantech.ch\/files\/swisscleantech_fruehlingsanlass_bern_6maerz2019_76_web-1.jpg\" class=\"attachment-full size-full\" alt=\"\" decoding=\"async\" loading=\"lazy\" aria-describedby=\"gallery-1-12781\" srcset=\"https:\/\/www.swisscleantech.ch\/files\/swisscleantech_fruehlingsanlass_bern_6maerz2019_76_web-1.jpg 910w, https:\/\/www.swisscleantech.ch\/files\/swisscleantech_fruehlingsanlass_bern_6maerz2019_76_web-1-300x195.jpg 300w, https:\/\/www.swisscleantech.ch\/files\/swisscleantech_fruehlingsanlass_bern_6maerz2019_76_web-1-768x498.jpg 768w\" sizes=\"(max-width: 910px) 100vw, 910px\" \/><\/a>\n\t\t\t<\/dt>\n\t\t\t\t<dd class='wp-caption-text gallery-caption' id='gallery-1-12781'>\n\t\t\t\tFruehlingsanlass von swisscleantech in Bern am 6. Maerz 2019 von Thomas Hodel\n\t\t\t\t<\/dd><\/dl><br style=\"clear: both\" \/><dl class='gallery-item'>\n\t\t\t<dt class='gallery-icon portrait'>\n\t\t\t\t<a href='https:\/\/www.swisscleantech.ch\/fr\/article\/lavenir-demande-du-courage\/fruehlingsanlass-von-swisscleantech-in-bern-am-6-maerz-2019-von-thomas-hodel-55\/'><img width=\"458\" height=\"680\" src=\"https:\/\/www.swisscleantech.ch\/files\/swisscleantech_fruehlingsanlass_bern_6maerz2019_77_web-1.jpg\" class=\"attachment-full size-full\" alt=\"\" decoding=\"async\" loading=\"lazy\" aria-describedby=\"gallery-1-12782\" srcset=\"https:\/\/www.swisscleantech.ch\/files\/swisscleantech_fruehlingsanlass_bern_6maerz2019_77_web-1.jpg 458w, https:\/\/www.swisscleantech.ch\/files\/swisscleantech_fruehlingsanlass_bern_6maerz2019_77_web-1-202x300.jpg 202w\" sizes=\"(max-width: 458px) 100vw, 458px\" \/><\/a>\n\t\t\t<\/dt>\n\t\t\t\t<dd class='wp-caption-text gallery-caption' id='gallery-1-12782'>\n\t\t\t\tFruehlingsanlass von swisscleantech in Bern am 6. Maerz 2019 von Thomas Hodel\n\t\t\t\t<\/dd><\/dl><dl class='gallery-item'>\n\t\t\t<dt class='gallery-icon landscape'>\n\t\t\t\t<a href='https:\/\/www.swisscleantech.ch\/fr\/article\/lavenir-demande-du-courage\/fruehlingsanlass-von-swisscleantech-in-bern-am-6-maerz-2019-von-thomas-hodel-55\/'><img width=\"910\" height=\"608\" src=\"https:\/\/www.swisscleantech.ch\/files\/swisscleantech_fruehlingsanlass_bern_6maerz2019_78_web-1.jpg\" class=\"attachment-full size-full\" alt=\"\" decoding=\"async\" loading=\"lazy\" aria-describedby=\"gallery-1-12783\" srcset=\"https:\/\/www.swisscleantech.ch\/files\/swisscleantech_fruehlingsanlass_bern_6maerz2019_78_web-1.jpg 910w, https:\/\/www.swisscleantech.ch\/files\/swisscleantech_fruehlingsanlass_bern_6maerz2019_78_web-1-300x200.jpg 300w, https:\/\/www.swisscleantech.ch\/files\/swisscleantech_fruehlingsanlass_bern_6maerz2019_78_web-1-768x513.jpg 768w\" sizes=\"(max-width: 910px) 100vw, 910px\" \/><\/a>\n\t\t\t<\/dt>\n\t\t\t\t<dd class='wp-caption-text gallery-caption' id='gallery-1-12783'>\n\t\t\t\tFruehlingsanlass von swisscleantech in Bern am 6. Maerz 2019 von Thomas Hodel\n\t\t\t\t<\/dd><\/dl><dl class='gallery-item'>\n\t\t\t<dt class='gallery-icon landscape'>\n\t\t\t\t<a href='https:\/\/www.swisscleantech.ch\/fr\/article\/lavenir-demande-du-courage\/fruehlingsanlass-von-swisscleantech-in-bern-am-6-maerz-2019-von-thomas-hodel-55\/'><img width=\"910\" height=\"547\" src=\"https:\/\/www.swisscleantech.ch\/files\/swisscleantech_fruehlingsanlass_bern_6maerz2019_79_web-1.jpg\" class=\"attachment-full size-full\" alt=\"\" decoding=\"async\" loading=\"lazy\" aria-describedby=\"gallery-1-12784\" srcset=\"https:\/\/www.swisscleantech.ch\/files\/swisscleantech_fruehlingsanlass_bern_6maerz2019_79_web-1.jpg 910w, https:\/\/www.swisscleantech.ch\/files\/swisscleantech_fruehlingsanlass_bern_6maerz2019_79_web-1-300x180.jpg 300w, https:\/\/www.swisscleantech.ch\/files\/swisscleantech_fruehlingsanlass_bern_6maerz2019_79_web-1-768x462.jpg 768w\" sizes=\"(max-width: 910px) 100vw, 910px\" \/><\/a>\n\t\t\t<\/dt>\n\t\t\t\t<dd class='wp-caption-text gallery-caption' id='gallery-1-12784'>\n\t\t\t\tFruehlingsanlass von swisscleantech in Bern am 6. Maerz 2019 von Thomas Hodel\n\t\t\t\t<\/dd><\/dl><br style=\"clear: both\" \/><dl class='gallery-item'>\n\t\t\t<dt class='gallery-icon landscape'>\n\t\t\t\t<a href='https:\/\/www.swisscleantech.ch\/fr\/article\/lavenir-demande-du-courage\/fruehlingsanlass-von-swisscleantech-in-bern-am-6-maerz-2019-von-thomas-hodel-55\/'><img width=\"910\" height=\"595\" src=\"https:\/\/www.swisscleantech.ch\/files\/swisscleantech_fruehlingsanlass_bern_6maerz2019_80_web-1.jpg\" class=\"attachment-full size-full\" alt=\"\" decoding=\"async\" loading=\"lazy\" aria-describedby=\"gallery-1-12785\" srcset=\"https:\/\/www.swisscleantech.ch\/files\/swisscleantech_fruehlingsanlass_bern_6maerz2019_80_web-1.jpg 910w, https:\/\/www.swisscleantech.ch\/files\/swisscleantech_fruehlingsanlass_bern_6maerz2019_80_web-1-300x196.jpg 300w, https:\/\/www.swisscleantech.ch\/files\/swisscleantech_fruehlingsanlass_bern_6maerz2019_80_web-1-768x502.jpg 768w\" sizes=\"(max-width: 910px) 100vw, 910px\" \/><\/a>\n\t\t\t<\/dt>\n\t\t\t\t<dd class='wp-caption-text gallery-caption' id='gallery-1-12785'>\n\t\t\t\tFruehlingsanlass von swisscleantech in Bern am 6. Maerz 2019 von Thomas Hodel\n\t\t\t\t<\/dd><\/dl><dl class='gallery-item'>\n\t\t\t<dt class='gallery-icon landscape'>\n\t\t\t\t<a href='https:\/\/www.swisscleantech.ch\/fr\/article\/lavenir-demande-du-courage\/fruehlingsanlass-von-swisscleantech-in-bern-am-6-maerz-2019-von-thomas-hodel-55\/'><img width=\"910\" height=\"615\" src=\"https:\/\/www.swisscleantech.ch\/files\/swisscleantech_fruehlingsanlass_bern_6maerz2019_82_web-1.jpg\" class=\"attachment-full size-full\" alt=\"\" decoding=\"async\" loading=\"lazy\" aria-describedby=\"gallery-1-12786\" srcset=\"https:\/\/www.swisscleantech.ch\/files\/swisscleantech_fruehlingsanlass_bern_6maerz2019_82_web-1.jpg 910w, https:\/\/www.swisscleantech.ch\/files\/swisscleantech_fruehlingsanlass_bern_6maerz2019_82_web-1-300x203.jpg 300w, https:\/\/www.swisscleantech.ch\/files\/swisscleantech_fruehlingsanlass_bern_6maerz2019_82_web-1-768x519.jpg 768w\" sizes=\"(max-width: 910px) 100vw, 910px\" \/><\/a>\n\t\t\t<\/dt>\n\t\t\t\t<dd class='wp-caption-text gallery-caption' id='gallery-1-12786'>\n\t\t\t\tFruehlingsanlass von swisscleantech in Bern am 6. Maerz 2019 von Thomas Hodel\n\t\t\t\t<\/dd><\/dl><dl class='gallery-item'>\n\t\t\t<dt class='gallery-icon landscape'>\n\t\t\t\t<a href='https:\/\/www.swisscleantech.ch\/fr\/article\/lavenir-demande-du-courage\/fruehlingsanlass-von-swisscleantech-in-bern-am-6-maerz-2019-von-thomas-hodel-55\/'><img width=\"910\" height=\"618\" src=\"https:\/\/www.swisscleantech.ch\/files\/swisscleantech_fruehlingsanlass_bern_6maerz2019_84_web-1.jpg\" class=\"attachment-full size-full\" alt=\"\" decoding=\"async\" loading=\"lazy\" aria-describedby=\"gallery-1-12787\" srcset=\"https:\/\/www.swisscleantech.ch\/files\/swisscleantech_fruehlingsanlass_bern_6maerz2019_84_web-1.jpg 910w, https:\/\/www.swisscleantech.ch\/files\/swisscleantech_fruehlingsanlass_bern_6maerz2019_84_web-1-300x204.jpg 300w, https:\/\/www.swisscleantech.ch\/files\/swisscleantech_fruehlingsanlass_bern_6maerz2019_84_web-1-768x522.jpg 768w\" sizes=\"(max-width: 910px) 100vw, 910px\" \/><\/a>\n\t\t\t<\/dt>\n\t\t\t\t<dd class='wp-caption-text gallery-caption' id='gallery-1-12787'>\n\t\t\t\tFruehlingsanlass von swisscleantech in Bern am 6. Maerz 2019 von Thomas Hodel\n\t\t\t\t<\/dd><\/dl><br style=\"clear: both\" \/><dl class='gallery-item'>\n\t\t\t<dt class='gallery-icon landscape'>\n\t\t\t\t<a href='https:\/\/www.swisscleantech.ch\/fr\/article\/lavenir-demande-du-courage\/fruehlingsanlass-von-swisscleantech-in-bern-am-6-maerz-2019-von-thomas-hodel-55\/'><img width=\"910\" height=\"600\" src=\"https:\/\/www.swisscleantech.ch\/files\/swisscleantech_fruehlingsanlass_bern_6maerz2019_85_web-1.jpg\" class=\"attachment-full size-full\" alt=\"\" decoding=\"async\" loading=\"lazy\" aria-describedby=\"gallery-1-12788\" srcset=\"https:\/\/www.swisscleantech.ch\/files\/swisscleantech_fruehlingsanlass_bern_6maerz2019_85_web-1.jpg 910w, https:\/\/www.swisscleantech.ch\/files\/swisscleantech_fruehlingsanlass_bern_6maerz2019_85_web-1-300x198.jpg 300w, https:\/\/www.swisscleantech.ch\/files\/swisscleantech_fruehlingsanlass_bern_6maerz2019_85_web-1-768x506.jpg 768w\" sizes=\"(max-width: 910px) 100vw, 910px\" \/><\/a>\n\t\t\t<\/dt>\n\t\t\t\t<dd class='wp-caption-text gallery-caption' id='gallery-1-12788'>\n\t\t\t\tFruehlingsanlass von swisscleantech in Bern am 6. Maerz 2019 von Thomas Hodel\n\t\t\t\t<\/dd><\/dl><dl class='gallery-item'>\n\t\t\t<dt class='gallery-icon landscape'>\n\t\t\t\t<a href='https:\/\/www.swisscleantech.ch\/fr\/article\/lavenir-demande-du-courage\/fruehlingsanlass-von-swisscleantech-in-bern-am-6-maerz-2019-von-thomas-hodel-55\/'><img width=\"910\" height=\"607\" src=\"https:\/\/www.swisscleantech.ch\/files\/swisscleantech_fruehlingsanlass_bern_6maerz2019_86_web-1.jpg\" class=\"attachment-full size-full\" alt=\"\" decoding=\"async\" loading=\"lazy\" aria-describedby=\"gallery-1-12789\" srcset=\"https:\/\/www.swisscleantech.ch\/files\/swisscleantech_fruehlingsanlass_bern_6maerz2019_86_web-1.jpg 910w, https:\/\/www.swisscleantech.ch\/files\/swisscleantech_fruehlingsanlass_bern_6maerz2019_86_web-1-300x200.jpg 300w, https:\/\/www.swisscleantech.ch\/files\/swisscleantech_fruehlingsanlass_bern_6maerz2019_86_web-1-768x512.jpg 768w\" sizes=\"(max-width: 910px) 100vw, 910px\" \/><\/a>\n\t\t\t<\/dt>\n\t\t\t\t<dd class='wp-caption-text gallery-caption' id='gallery-1-12789'>\n\t\t\t\tFruehlingsanlass von swisscleantech in Bern am 6. Maerz 2019 von Thomas Hodel\n\t\t\t\t<\/dd><\/dl><dl class='gallery-item'>\n\t\t\t<dt class='gallery-icon landscape'>\n\t\t\t\t<a href='https:\/\/www.swisscleantech.ch\/fr\/article\/lavenir-demande-du-courage\/fruehlingsanlass-von-swisscleantech-in-bern-am-6-maerz-2019-von-thomas-hodel-55\/'><img width=\"910\" height=\"603\" src=\"https:\/\/www.swisscleantech.ch\/files\/swisscleantech_fruehlingsanlass_bern_6maerz2019_87_web-1.jpg\" class=\"attachment-full size-full\" alt=\"\" decoding=\"async\" loading=\"lazy\" aria-describedby=\"gallery-1-12790\" srcset=\"https:\/\/www.swisscleantech.ch\/files\/swisscleantech_fruehlingsanlass_bern_6maerz2019_87_web-1.jpg 910w, https:\/\/www.swisscleantech.ch\/files\/swisscleantech_fruehlingsanlass_bern_6maerz2019_87_web-1-300x199.jpg 300w, https:\/\/www.swisscleantech.ch\/files\/swisscleantech_fruehlingsanlass_bern_6maerz2019_87_web-1-768x509.jpg 768w\" sizes=\"(max-width: 910px) 100vw, 910px\" \/><\/a>\n\t\t\t<\/dt>\n\t\t\t\t<dd class='wp-caption-text gallery-caption' id='gallery-1-12790'>\n\t\t\t\tFruehlingsanlass von swisscleantech in Bern am 6. Maerz 2019 von Thomas Hodel\n\t\t\t\t<\/dd><\/dl><br style=\"clear: both\" \/><dl class='gallery-item'>\n\t\t\t<dt class='gallery-icon landscape'>\n\t\t\t\t<a href='https:\/\/www.swisscleantech.ch\/fr\/article\/lavenir-demande-du-courage\/fruehlingsanlass-von-swisscleantech-in-bern-am-6-maerz-2019-von-thomas-hodel-55\/'><img width=\"910\" height=\"594\" src=\"https:\/\/www.swisscleantech.ch\/files\/swisscleantech_fruehlingsanlass_bern_6maerz2019_88_web-1.jpg\" class=\"attachment-full size-full\" alt=\"\" decoding=\"async\" loading=\"lazy\" aria-describedby=\"gallery-1-12791\" srcset=\"https:\/\/www.swisscleantech.ch\/files\/swisscleantech_fruehlingsanlass_bern_6maerz2019_88_web-1.jpg 910w, https:\/\/www.swisscleantech.ch\/files\/swisscleantech_fruehlingsanlass_bern_6maerz2019_88_web-1-300x196.jpg 300w, https:\/\/www.swisscleantech.ch\/files\/swisscleantech_fruehlingsanlass_bern_6maerz2019_88_web-1-768x501.jpg 768w\" sizes=\"(max-width: 910px) 100vw, 910px\" \/><\/a>\n\t\t\t<\/dt>\n\t\t\t\t<dd class='wp-caption-text gallery-caption' id='gallery-1-12791'>\n\t\t\t\tFruehlingsanlass von swisscleantech in Bern am 6. Maerz 2019 von Thomas Hodel\n\t\t\t\t<\/dd><\/dl><dl class='gallery-item'>\n\t\t\t<dt class='gallery-icon landscape'>\n\t\t\t\t<a href='https:\/\/www.swisscleantech.ch\/fr\/article\/lavenir-demande-du-courage\/fruehlingsanlass-von-swisscleantech-in-bern-am-6-maerz-2019-von-thomas-hodel-55\/'><img width=\"910\" height=\"626\" src=\"https:\/\/www.swisscleantech.ch\/files\/swisscleantech_fruehlingsanlass_bern_6maerz2019_89_web-1.jpg\" class=\"attachment-full size-full\" alt=\"\" decoding=\"async\" loading=\"lazy\" aria-describedby=\"gallery-1-12792\" srcset=\"https:\/\/www.swisscleantech.ch\/files\/swisscleantech_fruehlingsanlass_bern_6maerz2019_89_web-1.jpg 910w, https:\/\/www.swisscleantech.ch\/files\/swisscleantech_fruehlingsanlass_bern_6maerz2019_89_web-1-300x206.jpg 300w, https:\/\/www.swisscleantech.ch\/files\/swisscleantech_fruehlingsanlass_bern_6maerz2019_89_web-1-768x528.jpg 768w\" sizes=\"(max-width: 910px) 100vw, 910px\" \/><\/a>\n\t\t\t<\/dt>\n\t\t\t\t<dd class='wp-caption-text gallery-caption' id='gallery-1-12792'>\n\t\t\t\tFruehlingsanlass von swisscleantech in Bern am 6. Maerz 2019 von Thomas Hodel\n\t\t\t\t<\/dd><\/dl><dl class='gallery-item'>\n\t\t\t<dt class='gallery-icon landscape'>\n\t\t\t\t<a href='https:\/\/www.swisscleantech.ch\/fr\/article\/lavenir-demande-du-courage\/fruehlingsanlass-von-swisscleantech-in-bern-am-6-maerz-2019-von-thomas-hodel-55\/'><img width=\"910\" height=\"592\" src=\"https:\/\/www.swisscleantech.ch\/files\/swisscleantech_fruehlingsanlass_bern_6maerz2019_90_web-1.jpg\" class=\"attachment-full size-full\" alt=\"\" decoding=\"async\" loading=\"lazy\" aria-describedby=\"gallery-1-12793\" srcset=\"https:\/\/www.swisscleantech.ch\/files\/swisscleantech_fruehlingsanlass_bern_6maerz2019_90_web-1.jpg 910w, https:\/\/www.swisscleantech.ch\/files\/swisscleantech_fruehlingsanlass_bern_6maerz2019_90_web-1-300x195.jpg 300w, https:\/\/www.swisscleantech.ch\/files\/swisscleantech_fruehlingsanlass_bern_6maerz2019_90_web-1-768x500.jpg 768w\" sizes=\"(max-width: 910px) 100vw, 910px\" \/><\/a>\n\t\t\t<\/dt>\n\t\t\t\t<dd class='wp-caption-text gallery-caption' id='gallery-1-12793'>\n\t\t\t\tFruehlingsanlass von swisscleantech in Bern am 6. Maerz 2019 von Thomas Hodel\n\t\t\t\t<\/dd><\/dl><br style=\"clear: both\" \/><dl class='gallery-item'>\n\t\t\t<dt class='gallery-icon landscape'>\n\t\t\t\t<a href='https:\/\/www.swisscleantech.ch\/fr\/article\/lavenir-demande-du-courage\/fruehlingsanlass-von-swisscleantech-in-bern-am-6-maerz-2019-von-thomas-hodel-55\/'><img width=\"910\" height=\"563\" src=\"https:\/\/www.swisscleantech.ch\/files\/swisscleantech_fruehlingsanlass_bern_6maerz2019_92_web-1.jpg\" class=\"attachment-full size-full\" alt=\"\" decoding=\"async\" loading=\"lazy\" aria-describedby=\"gallery-1-12794\" srcset=\"https:\/\/www.swisscleantech.ch\/files\/swisscleantech_fruehlingsanlass_bern_6maerz2019_92_web-1.jpg 910w, https:\/\/www.swisscleantech.ch\/files\/swisscleantech_fruehlingsanlass_bern_6maerz2019_92_web-1-300x186.jpg 300w, https:\/\/www.swisscleantech.ch\/files\/swisscleantech_fruehlingsanlass_bern_6maerz2019_92_web-1-768x475.jpg 768w\" sizes=\"(max-width: 910px) 100vw, 910px\" \/><\/a>\n\t\t\t<\/dt>\n\t\t\t\t<dd class='wp-caption-text gallery-caption' id='gallery-1-12794'>\n\t\t\t\tFruehlingsanlass von swisscleantech in Bern am 6. Maerz 2019 von Thomas Hodel\n\t\t\t\t<\/dd><\/dl><dl class='gallery-item'>\n\t\t\t<dt class='gallery-icon landscape'>\n\t\t\t\t<a href='https:\/\/www.swisscleantech.ch\/fr\/article\/lavenir-demande-du-courage\/fruehlingsanlass-von-swisscleantech-in-bern-am-6-maerz-2019-von-thomas-hodel-55\/'><img width=\"910\" height=\"605\" src=\"https:\/\/www.swisscleantech.ch\/files\/swisscleantech_fruehlingsanlass_bern_6maerz2019_93_web-1.jpg\" class=\"attachment-full size-full\" alt=\"\" decoding=\"async\" loading=\"lazy\" aria-describedby=\"gallery-1-12795\" srcset=\"https:\/\/www.swisscleantech.ch\/files\/swisscleantech_fruehlingsanlass_bern_6maerz2019_93_web-1.jpg 910w, https:\/\/www.swisscleantech.ch\/files\/swisscleantech_fruehlingsanlass_bern_6maerz2019_93_web-1-300x199.jpg 300w, https:\/\/www.swisscleantech.ch\/files\/swisscleantech_fruehlingsanlass_bern_6maerz2019_93_web-1-768x511.jpg 768w\" sizes=\"(max-width: 910px) 100vw, 910px\" \/><\/a>\n\t\t\t<\/dt>\n\t\t\t\t<dd class='wp-caption-text gallery-caption' id='gallery-1-12795'>\n\t\t\t\tFruehlingsanlass von swisscleantech in Bern am 6. Maerz 2019 von Thomas Hodel\n\t\t\t\t<\/dd><\/dl><dl class='gallery-item'>\n\t\t\t<dt class='gallery-icon landscape'>\n\t\t\t\t<a href='https:\/\/www.swisscleantech.ch\/fr\/article\/lavenir-demande-du-courage\/fruehlingsanlass-von-swisscleantech-in-bern-am-6-maerz-2019-von-thomas-hodel-55\/'><img width=\"910\" height=\"590\" src=\"https:\/\/www.swisscleantech.ch\/files\/swisscleantech_fruehlingsanlass_bern_6maerz2019_95_web-1.jpg\" class=\"attachment-full size-full\" alt=\"\" decoding=\"async\" loading=\"lazy\" aria-describedby=\"gallery-1-12796\" srcset=\"https:\/\/www.swisscleantech.ch\/files\/swisscleantech_fruehlingsanlass_bern_6maerz2019_95_web-1.jpg 910w, https:\/\/www.swisscleantech.ch\/files\/swisscleantech_fruehlingsanlass_bern_6maerz2019_95_web-1-300x195.jpg 300w, https:\/\/www.swisscleantech.ch\/files\/swisscleantech_fruehlingsanlass_bern_6maerz2019_95_web-1-768x498.jpg 768w\" sizes=\"(max-width: 910px) 100vw, 910px\" \/><\/a>\n\t\t\t<\/dt>\n\t\t\t\t<dd class='wp-caption-text gallery-caption' id='gallery-1-12796'>\n\t\t\t\tFruehlingsanlass von swisscleantech in Bern am 6. Maerz 2019 von Thomas Hodel\n\t\t\t\t<\/dd><\/dl><br style=\"clear: both\" \/>\n\t\t<\/div>\n\n","protected":false},"excerpt":{"rendered":"<p>Les technologies pour une \u00e9conomie propres sont l\u00e0, il suffit de les utiliser. Mais le courage politique manque pour cr\u00e9er les conditions-cadre appropri\u00e9es. Il faut de bons exemples \u2013 et une association comme swisscleantech qui d\u00e9fend les int\u00e9r\u00eats du futur. C\u2019est ce qu\u2019a montr\u00e9 l\u2019\u00e9v\u00e9nement de printemps de l\u2019association.<\/p>\n","protected":false},"author":3,"featured_media":12742,"comment_status":"open","ping_status":"open","sticky":false,"template":"","format":"standard","meta":{"inline_featured_image":false},"categories":[2992,45,2996],"tags":[],"spitzmarke":[4624],"beitragstyp":[1321],"acf":[],"_links":{"self":[{"href":"https:\/\/www.swisscleantech.ch\/fr\/wp-json\/wp\/v2\/posts\/12741"}],"collection":[{"href":"https:\/\/www.swisscleantech.ch\/fr\/wp-json\/wp\/v2\/posts"}],"about":[{"href":"https:\/\/www.swisscleantech.ch\/fr\/wp-json\/wp\/v2\/types\/post"}],"author":[{"embeddable":true,"href":"https:\/\/www.swisscleantech.ch\/fr\/wp-json\/wp\/v2\/users\/3"}],"replies":[{"embeddable":true,"href":"https:\/\/www.swisscleantech.ch\/fr\/wp-json\/wp\/v2\/comments?post=12741"}],"version-history":[{"count":1,"href":"https:\/\/www.swisscleantech.ch\/fr\/wp-json\/wp\/v2\/posts\/12741\/revisions"}],"predecessor-version":[{"id":12797,"href":"https:\/\/www.swisscleantech.ch\/fr\/wp-json\/wp\/v2\/posts\/12741\/revisions\/12797"}],"wp:featuredmedia":[{"embeddable":true,"href":"https:\/\/www.swisscleantech.ch\/fr\/wp-json\/wp\/v2\/media\/12742"}],"wp:attachment":[{"href":"https:\/\/www.swisscleantech.ch\/fr\/wp-json\/wp\/v2\/media?parent=12741"}],"wp:term":[{"taxonomy":"category","embeddable":true,"href":"https:\/\/www.swisscleantech.ch\/fr\/wp-json\/wp\/v2\/categories?post=12741"},{"taxonomy":"post_tag","embeddable":true,"href":"https:\/\/www.swisscleantech.ch\/fr\/wp-json\/wp\/v2\/tags?post=12741"},{"taxonomy":"spitzmarke","embeddable":true,"href":"https:\/\/www.swisscleantech.ch\/fr\/wp-json\/wp\/v2\/spitzmarke?post=12741"},{"taxonomy":"beitragstyp","embeddable":true,"href":"https:\/\/www.swisscleantech.ch\/fr\/wp-json\/wp\/v2\/beitragstyp?post=12741"}],"curies":[{"name":"wp","href":"https:\/\/api.w.org\/{rel}","templated":true}]}}