{"id":13440,"date":"2019-03-14T13:37:12","date_gmt":"2019-03-14T13:37:12","guid":{"rendered":"https:\/\/www.swisscleantech.ch\/?p=13440"},"modified":"2019-06-14T08:05:07","modified_gmt":"2019-06-14T08:05:07","slug":"est-il-temps-de-relever-les-objectifs-climatiques","status":"publish","type":"post","link":"https:\/\/www.swisscleantech.ch\/fr\/prise-de-position\/est-il-temps-de-relever-les-objectifs-climatiques\/","title":{"rendered":"Est-il temps de relever les objectifs climatiques?"},"content":{"rendered":"<p>Le GIEC a publi\u00e9 son <a href=\"http:\/\/www.ipcc.ch\/report\/sr15\/\" target=\"_blank\" rel=\"noopener\">rapport sur un r\u00e9chauffement climatique de 1,5 degr\u00e9<\/a> (<a href=\"http:\/\/www.ipcc.ch\/report\/sr15\/\" target=\"_blank\" rel=\"noopener\">anglais<\/a>, <a href=\"https:\/\/www.de-ipcc.de\/media\/content\/Hauptaussagen_IPCC_SR15.pdf\" target=\"_blank\" rel=\"noopener\">El\u00e9ments principaux du rapport en allemand<\/a>) le 08.10.2018.\u00a0 Si l\u2019on ne veut pas d\u00e9passer l\u2019objectif de 1,5 degr\u00e9 et ne pas devoir retirer ensuite de grandes quantit\u00e9s de CO<sub>2<\/sub> de l\u2019atmosph\u00e8re, les \u00e9missions globales de CO<sub>2<\/sub> doivent \u00eatre r\u00e9duites d\u2019ici 2030 d\u2019environ 45\u00a0% par rapport au niveau de 2010 pour atteindre z\u00e9ro nette (neutre en CO<sub>2<\/sub>) en 2050.<\/p>\n<p>Si l\u2019on r\u00e9partit le budget CO<sub>2<\/sub> restant en fonction de la d\u00e9mographie actuelle, il revient \u00e0 la Suisse environ 550 millions de tonnes. L\u2019objectif national propos\u00e9 par le Conseil f\u00e9d\u00e9ral de m\u00eame que l\u2019objectif de moins 40\u00a0% demand\u00e9 par swisscleantech conduisent toutefois \u00e0 des \u00e9missions de CO<sub>2<\/sub> cumul\u00e9es plus \u00e9lev\u00e9es.<\/p>\n<p>L\u2019association swisscleantech doit-elle relever l\u2019objectif exig\u00e9\u00a0? Lorsqu\u2019on aborde la r\u00e9vision de l\u2019objectif, il faut tenir compte autant des r\u00e9alit\u00e9s biophysiques que des r\u00e9alit\u00e9s politiques. D\u2019un c\u00f4t\u00e9, swisscleantech souhaiterait d\u00e9fendre des objectifs permettant d\u2019assurer un avenir viable pour les g\u00e9n\u00e9rations futures. De l\u2019autre, des objectifs trop \u00e9lev\u00e9s ne sont pas tr\u00e8s utiles s\u2019ils ne peuvent pas \u00eatre traduits au niveau politique. Il faut donc trouver un \u00e9quilibre entre la r\u00e9alit\u00e9 biophysique et la faisabilit\u00e9 politique.<\/p>\n<p>swisscleantech r\u00e9alise actuellement une enqu\u00eate sur ce th\u00e8me aupr\u00e8s de ses adh\u00e9rents.<br \/>\nPour des informations compl\u00e9mentaires, veuillez contacter <a href=\"mailto:politik@swisscleantech.ch\">politik@swisscleantech.ch<\/a> \u00a0<\/p>\n","protected":false},"excerpt":{"rendered":"<p>Angesichts des Weltklimaratberichtes von Oktober 2018 und dem \u00f6ffentlichen Druck auf die Klimapolitik stellt sich die Frage, ob der Wirtschaftsverband swisscleantech die Reduktionsziele, die er im Rahmen der CO<sub>2<\/sub>-Gesetzesrevision f\u00fcr die Schweiz vorschlagen hat, erh\u00f6hen sollten.<\/p>\n","protected":false},"author":5,"featured_media":10804,"comment_status":"open","ping_status":"open","sticky":false,"template":"","format":"standard","meta":{"inline_featured_image":false},"categories":[2992,2996,2994,2993],"tags":[],"spitzmarke":[1472],"beitragstyp":[1318],"acf":[],"_links":{"self":[{"href":"https:\/\/www.swisscleantech.ch\/fr\/wp-json\/wp\/v2\/posts\/13440"}],"collection":[{"href":"https:\/\/www.swisscleantech.ch\/fr\/wp-json\/wp\/v2\/posts"}],"about":[{"href":"https:\/\/www.swisscleantech.ch\/fr\/wp-json\/wp\/v2\/types\/post"}],"author":[{"embeddable":true,"href":"https:\/\/www.swisscleantech.ch\/fr\/wp-json\/wp\/v2\/users\/5"}],"replies":[{"embeddable":true,"href":"https:\/\/www.swisscleantech.ch\/fr\/wp-json\/wp\/v2\/comments?post=13440"}],"version-history":[{"count":4,"href":"https:\/\/www.swisscleantech.ch\/fr\/wp-json\/wp\/v2\/posts\/13440\/revisions"}],"predecessor-version":[{"id":13760,"href":"https:\/\/www.swisscleantech.ch\/fr\/wp-json\/wp\/v2\/posts\/13440\/revisions\/13760"}],"wp:featuredmedia":[{"embeddable":true,"href":"https:\/\/www.swisscleantech.ch\/fr\/wp-json\/wp\/v2\/media\/10804"}],"wp:attachment":[{"href":"https:\/\/www.swisscleantech.ch\/fr\/wp-json\/wp\/v2\/media?parent=13440"}],"wp:term":[{"taxonomy":"category","embeddable":true,"href":"https:\/\/www.swisscleantech.ch\/fr\/wp-json\/wp\/v2\/categories?post=13440"},{"taxonomy":"post_tag","embeddable":true,"href":"https:\/\/www.swisscleantech.ch\/fr\/wp-json\/wp\/v2\/tags?post=13440"},{"taxonomy":"spitzmarke","embeddable":true,"href":"https:\/\/www.swisscleantech.ch\/fr\/wp-json\/wp\/v2\/spitzmarke?post=13440"},{"taxonomy":"beitragstyp","embeddable":true,"href":"https:\/\/www.swisscleantech.ch\/fr\/wp-json\/wp\/v2\/beitragstyp?post=13440"}],"curies":[{"name":"wp","href":"https:\/\/api.w.org\/{rel}","templated":true}]}}