{"id":15581,"date":"2019-12-17T07:24:55","date_gmt":"2019-12-17T07:24:55","guid":{"rendered":"https:\/\/www.swisscleantech.ch\/?p=15581"},"modified":"2019-12-17T13:49:43","modified_gmt":"2019-12-17T13:49:43","slug":"il-ny-a-pas-dalternative-a-la-reduction-des-emissions-de-co2-au-niveau-national","status":"publish","type":"post","link":"https:\/\/www.swisscleantech.ch\/fr\/article\/il-ny-a-pas-dalternative-a-la-reduction-des-emissions-de-co2-au-niveau-national\/","title":{"rendered":"Il n&#8217;y a pas d&#8217;alternative \u00e0 la r\u00e9duction des \u00e9missions de CO2 au niveau national"},"content":{"rendered":"<p>Les \u00c9tats-Unis, l&#8217;Australie et le Br\u00e9sil en particulier ont bloqu\u00e9 les n\u00e9gociations et affaibli les r\u00e9sultats. Les pays n&#8217;ont pas pu s&#8217;entendre sur des r\u00e8gles de transparence efficaces. Celles-ci doivent d\u00e9terminer la mani\u00e8re dont les pays rendront compte de leurs r\u00e9ductions d&#8217;\u00e9missions et de leur soutien financier.<\/p>\n<p>Une fois de plus, il n&#8217;y a pas eu d&#8217;accord sur les r\u00e8gles du commerce international des certificats. C&#8217;est particuli\u00e8rement important pour la Suisse, qui est l&#8217;un des rares pays \u00e0 continuer \u00e0 d\u00e9pendre des certificats \u00e9trangers. Malgr\u00e9 les risques qui en d\u00e9coulent pour la Suisse, le Conseil f\u00e9d\u00e9ral veut, dans le cadre de la r\u00e9vision totale de la loi sur le CO<sub>2<\/sub>, couvrir d&#8217;ici 2030 les deux tiers des r\u00e9ductions requises par des certificats \u00e9trangers.<\/p>\n<p>Mais cela pourrait d\u00e9sormais changer. La Conseill\u00e8re f\u00e9d\u00e9rale Sommaruga a tweet\u00e9 (en allemand): \u00abJe suis d\u00e9\u00e7ue par les r\u00e9sultats de la Conf\u00e9rence mondiale sur le climat. Nous avons pr\u00e9conis\u00e9 des r\u00e8gles de march\u00e9 claires qui sont r\u00e9ellement efficaces. La Suisse doit d\u2019autant plus relever le d\u00e9fi de progresser dans la mise en \u0153uvre de mesures fortes de protection du climat au niveau national.\u00bb<\/p>\n<p>swisscleantech ne peut qu&#8217;\u00eatre d&#8217;accord avec cette exigence, car pour atteindre le z\u00e9ro net en 2050, une <a href=\"https:\/\/www.swisscleantech.ch\/position\/swisscleantech-erhoeht-das-klimaziel-fuer-2030-auf-minus-45prozent\/\">r\u00e9duction d&#8217;au moins 45% est<\/a> n\u00e9cessaire en Suisse d&#8217;ici 2030.<\/p>\n<p>Avec cet objectif plus ambitieux, la Suisse ne serait en aucun cas un pionnier. Le <a href=\"https:\/\/en.kefm.dk\/news\/news-archive\/2019\/dec\/during-the-cop-denmark-passes-climate-act-with-a-70-percent-reduction-targetws-page-eng\/\" target=\"_blank\" rel=\"noopener\">Danemark a r\u00e9cemment adopt\u00e9 un objectif de r\u00e9duction de 70 % d&#8217;ici 2030<\/a>, sans utiliser de certificats \u00e9trangers. Et l&#8217;UE veut aussi devenir climatiquement neutre d&#8217;ici 2050. \u00c0 cette fin, la Commission europ\u00e9enne a pr\u00e9sent\u00e9 un paquet climatique ambitieux, <a href=\"https:\/\/ec.europa.eu\/info\/strategy\/priorities-2019-2024\/european-green-deal_de\" target=\"_blank\" rel=\"noopener\">l&#8217;accord vert europ\u00e9en<\/a>. En mars 2020, la Commission a l&#8217;intention de proposer une loi europ\u00e9enne d\u00e9taill\u00e9e sur le climat.<\/p>\n<p>Le r\u00e9sultat des r\u00e9centes \u00e9lections et les enqu\u00eates en cours le confirment: La population Suisse elle-aussi souhaite une politique climatique plus ambitieuse. Il appartient maintenant au Conseil national d&#8217;inscrire dans la loi sur le CO<sub>2<\/sub> un objectif national plus \u00e9lev\u00e9, dans l\u2019int\u00e9r\u00eat de la population Suisse.<\/p>\n<p><strong>Plus d&#8217;informations:<\/strong><\/p>\n<p><a href=\"https:\/\/www.swisscleantech.ch\/beitrag\/fuer-eine-griffige-nationale-klimapolitik\/\">COP25: Pour une politique climatique nationale efficace<\/a><\/p>\n<p><a href=\"https:\/\/www.swisscleantech.ch\/artikel\/economiesuisse-will-klimaschutz-schwaechen\/\">economiesuisse veut affaiblir la protection du climat<\/a><\/p>\n<p>&nbsp;<\/p>\n","protected":false},"excerpt":{"rendered":"<p>Grande a \u00e9t\u00e9 lad\u00e9ception de la Conf\u00e9rence mondiale sur le climat de la COP, qui s&#8217;est achev\u00e9e dimanche \u00e0 Madrid. La communaut\u00e9 internationale n&#8217;a pu s&#8217;entendre que sur le compromis minimum \u00e0 savoir que les pays devraient pr\u00e9senter d&#8217;ici 2020 des objectifs de protection du climat am\u00e9lior\u00e9s.<\/p>\n","protected":false},"author":3,"featured_media":15589,"comment_status":"open","ping_status":"open","sticky":false,"template":"","format":"standard","meta":{"inline_featured_image":false},"categories":[2992,2996],"tags":[],"spitzmarke":[4675],"beitragstyp":[1321],"acf":[],"_links":{"self":[{"href":"https:\/\/www.swisscleantech.ch\/fr\/wp-json\/wp\/v2\/posts\/15581"}],"collection":[{"href":"https:\/\/www.swisscleantech.ch\/fr\/wp-json\/wp\/v2\/posts"}],"about":[{"href":"https:\/\/www.swisscleantech.ch\/fr\/wp-json\/wp\/v2\/types\/post"}],"author":[{"embeddable":true,"href":"https:\/\/www.swisscleantech.ch\/fr\/wp-json\/wp\/v2\/users\/3"}],"replies":[{"embeddable":true,"href":"https:\/\/www.swisscleantech.ch\/fr\/wp-json\/wp\/v2\/comments?post=15581"}],"version-history":[{"count":2,"href":"https:\/\/www.swisscleantech.ch\/fr\/wp-json\/wp\/v2\/posts\/15581\/revisions"}],"predecessor-version":[{"id":15588,"href":"https:\/\/www.swisscleantech.ch\/fr\/wp-json\/wp\/v2\/posts\/15581\/revisions\/15588"}],"wp:featuredmedia":[{"embeddable":true,"href":"https:\/\/www.swisscleantech.ch\/fr\/wp-json\/wp\/v2\/media\/15589"}],"wp:attachment":[{"href":"https:\/\/www.swisscleantech.ch\/fr\/wp-json\/wp\/v2\/media?parent=15581"}],"wp:term":[{"taxonomy":"category","embeddable":true,"href":"https:\/\/www.swisscleantech.ch\/fr\/wp-json\/wp\/v2\/categories?post=15581"},{"taxonomy":"post_tag","embeddable":true,"href":"https:\/\/www.swisscleantech.ch\/fr\/wp-json\/wp\/v2\/tags?post=15581"},{"taxonomy":"spitzmarke","embeddable":true,"href":"https:\/\/www.swisscleantech.ch\/fr\/wp-json\/wp\/v2\/spitzmarke?post=15581"},{"taxonomy":"beitragstyp","embeddable":true,"href":"https:\/\/www.swisscleantech.ch\/fr\/wp-json\/wp\/v2\/beitragstyp?post=15581"}],"curies":[{"name":"wp","href":"https:\/\/api.w.org\/{rel}","templated":true}]}}