{"id":16158,"date":"2020-03-05T11:26:33","date_gmt":"2020-03-05T11:26:33","guid":{"rendered":"https:\/\/www.swisscleantech.ch\/?p=16158"},"modified":"2020-03-12T10:24:59","modified_gmt":"2020-03-12T10:24:59","slug":"leconomie-climat-compatible-notre-nouveau-rapport-annuel-est-en-ligne","status":"publish","type":"post","link":"https:\/\/www.swisscleantech.ch\/fr\/publication\/leconomie-climat-compatible-notre-nouveau-rapport-annuel-est-en-ligne\/","title":{"rendered":"L&#8217;\u00e9conomie, climat compatible \u2013 notre nouveau rapport annuel est en ligne"},"content":{"rendered":"<p>swisscleantech d\u00e9fend une \u00ab\u00e9conomie climat compatible\u00bb. Nous voulons que la Suisse baisse significativement ses \u00e9missions de CO<sub>2<\/sub>. Et que nous, entrepreneurs suisses, jouions un r\u00f4le de pr\u00e9curseurs pour stopper le changement climatique, en Suisse comme \u00e0 l\u2019\u00e9tranger. Pour y parvenir, il faut une politique \u00e9conomique lib\u00e9rale ax\u00e9e sur cet objectif.<\/p>\n<p>Mais qu\u2019est-ce qui distingue une \u00e9conomie climat compatible? Nous l\u2019avons d\u00e9j\u00e0 expliqu\u00e9 en 2018 dans notre publication \u00ab<a href=\"https:\/\/www.swisscleantech.ch\/fr\/la-voie-vers-un-avenir-respectueux-du-climat\/\" target=\"_blank\" rel=\"noopener noreferrer\">La voie vers un avenir respectueux du climat<\/a>\u00bb. Une \u00e9conomie climat compatible se pr\u00e9occupe de la neutralit\u00e9 CO<sub>2<\/sub> des b\u00e2timents, de l\u2019\u00e9lectrification des transports et de fournir toujours suffisamment d\u2019\u00e9lectricit\u00e9 renouvelable. Cette mutation implique la fixation d\u2019un juste prix pour les \u00e9missions de CO<sub>2<\/sub>.<\/p>\n<p>Les projets que nous avons engag\u00e9s en 2019 montrent ce qu&#8217;il faut faire pour parvenir \u00e0 une Suisse climat compatible. Loi sur le CO<sub>2<\/sub>: dans la r\u00e9vision en cours de la loi, nous sommes la seule association \u00e9conomique \u00e0 demander un objectif de r\u00e9duction du CO<sub>2<\/sub> en Suisse respectant l\u2019Accord de Paris sur le climat et \u00e0 r\u00e9clamer des mesures efficaces. Assainissement des b\u00e2timents: nous avons initi\u00e9 la discussion sur un fonds suisse pour la modernisation des b\u00e2timents pour qu\u2019il y ait plus de r\u00e9novations \u00e9nerg\u00e9tiques. Politique: pour les \u00e9lections f\u00e9d\u00e9rales de 2019, nous avons lanc\u00e9 la plateforme energy4climate qui rassemble les candidats s\u2019engageant en faveur d\u2019une politique \u00e9nerg\u00e9tique et climatique efficace.<\/p>\n<p>2019 fut une ann\u00e9e extraordinaire, en particulier s\u2019agissant du climat. Sur le plan m\u00e9t\u00e9orologique (globalement, deuxi\u00e8me ann\u00e9e la plus chaude depuis le d\u00e9but des mesures), social (dizaines de milliers de gens soucieux du changement climatique dans les rues), politique (forte pouss\u00e9e des Verts\u2019lib\u00e9raux et des Verts). Un changement s\u2019observe aussi chez les chefs d\u2019entreprise. Ils sont nombreux \u00e0 se rendre compte qu\u2019ils doivent changer leur mod\u00e8le \u00e9conomique. R\u00e9duire un peu la consommation d\u2019\u00e9nergie ou de plastique ne suffit pas. T\u00f4t ou tard, il faudra sortir des \u00e9nergies fossiles et se tourner compl\u00e8tement vers les sources renouvelables.<\/p>\n<p>L&#8217;initiative CEO4Climate illustre cette remise en question. Nous avons \u00e9t\u00e9 l\u2019un des initiateurs de l\u2019appel des dirigeants \u00e9conomiques aux politiques. Plus de 230 leaders de l\u2019\u00e9conomie suisse r\u00e9clament publiquement une protection efficace du climat et une l\u00e9gislation appropri\u00e9e afin que des mod\u00e8les \u00e9conomiques durables soient rentables. Le fait que tant de chefs d\u2019entreprise nous rejoignent et s\u2019engagent personnellement en faveur d\u2019une mutation strat\u00e9gique et sociale nous a impressionn\u00e9s.<\/p>\n<p>Le nombre d\u2019adh\u00e9rents montre la n\u00e9cessit\u00e9 de notre engagement en faveur d\u2019une \u00e9conomie climat compatible. En un an, nous avons gagn\u00e9 125 nouveaux adh\u00e9rents (avec plus de 26\u00a0000 employ\u00e9s) issus de toutes les branches, des startups aux grandes entreprises. Leur adh\u00e9sion vient renforcer la voix d\u00e9fendant une \u00e9conomie climat compatible et une politique climatique \u00e9conomie compatible. Nous mettrons tout en \u0153uvre pour grossir encore les effectifs en 2020 et voulons aussi \u00e9largir la base de nos soutiens, fondations ou personnes priv\u00e9es. Avec l\u2019\u00e9conomie climat compatible, nous serons tous gagnants \u2013 climat, entreprises et soci\u00e9t\u00e9.<\/p>\n<p><strong>Lisez-en plus dans notre rapport annuel!<\/strong><\/p>\n<p><a href=\"https:\/\/www.swisscleantech.ch\/files\/swisscleantech_Jahresbericht_2019_fr.pdf\" target=\"_blank\" rel=\"noopener noreferrer\">Download PDF<\/a><\/p>\n","protected":false},"excerpt":{"rendered":"<p>2019 a \u00e9t\u00e9 une ann\u00e9e mouvement\u00e9e et \u00e9mouvante. En tant qu&#8217;association, nous avons pu c\u00e9l\u00e9brer notre 10e anniversaire et beaucoup a \u00e9t\u00e9 accompli sur le plan politique. Dans notre rapport annuel, nous nous penchons sur les projets et les succ\u00e8s les plus importants.<\/p>\n","protected":false},"author":3,"featured_media":16208,"comment_status":"open","ping_status":"open","sticky":false,"template":"","format":"standard","meta":{"inline_featured_image":false},"categories":[45],"tags":[],"spitzmarke":[4652],"beitragstyp":[1319],"acf":[],"_links":{"self":[{"href":"https:\/\/www.swisscleantech.ch\/fr\/wp-json\/wp\/v2\/posts\/16158"}],"collection":[{"href":"https:\/\/www.swisscleantech.ch\/fr\/wp-json\/wp\/v2\/posts"}],"about":[{"href":"https:\/\/www.swisscleantech.ch\/fr\/wp-json\/wp\/v2\/types\/post"}],"author":[{"embeddable":true,"href":"https:\/\/www.swisscleantech.ch\/fr\/wp-json\/wp\/v2\/users\/3"}],"replies":[{"embeddable":true,"href":"https:\/\/www.swisscleantech.ch\/fr\/wp-json\/wp\/v2\/comments?post=16158"}],"version-history":[{"count":3,"href":"https:\/\/www.swisscleantech.ch\/fr\/wp-json\/wp\/v2\/posts\/16158\/revisions"}],"predecessor-version":[{"id":16163,"href":"https:\/\/www.swisscleantech.ch\/fr\/wp-json\/wp\/v2\/posts\/16158\/revisions\/16163"}],"wp:featuredmedia":[{"embeddable":true,"href":"https:\/\/www.swisscleantech.ch\/fr\/wp-json\/wp\/v2\/media\/16208"}],"wp:attachment":[{"href":"https:\/\/www.swisscleantech.ch\/fr\/wp-json\/wp\/v2\/media?parent=16158"}],"wp:term":[{"taxonomy":"category","embeddable":true,"href":"https:\/\/www.swisscleantech.ch\/fr\/wp-json\/wp\/v2\/categories?post=16158"},{"taxonomy":"post_tag","embeddable":true,"href":"https:\/\/www.swisscleantech.ch\/fr\/wp-json\/wp\/v2\/tags?post=16158"},{"taxonomy":"spitzmarke","embeddable":true,"href":"https:\/\/www.swisscleantech.ch\/fr\/wp-json\/wp\/v2\/spitzmarke?post=16158"},{"taxonomy":"beitragstyp","embeddable":true,"href":"https:\/\/www.swisscleantech.ch\/fr\/wp-json\/wp\/v2\/beitragstyp?post=16158"}],"curies":[{"name":"wp","href":"https:\/\/api.w.org\/{rel}","templated":true}]}}