{"id":16420,"date":"2020-03-18T08:27:01","date_gmt":"2020-03-18T08:27:01","guid":{"rendered":"https:\/\/www.swisscleantech.ch\/?p=16420"},"modified":"2020-03-19T16:38:21","modified_gmt":"2020-03-19T16:38:21","slug":"le-lobbyiste-des-entreprises-vertes-un-portrait-de-christian-zeyer","status":"publish","type":"post","link":"https:\/\/www.swisscleantech.ch\/fr\/article\/le-lobbyiste-des-entreprises-vertes-un-portrait-de-christian-zeyer\/","title":{"rendered":"Le lobbyiste \u00e9conomique vert- un portrait de Christian Zeyer"},"content":{"rendered":"<p>2019 a \u00e9t\u00e9 une ann\u00e9e importante pour la politique climatique et pour notre association: des dizaines de milliers de citoyens concern\u00e9s sont descendus dans la rue au cours des nombreuses gr\u00e8ves climatiques. Les \u00e9lections f\u00e9d\u00e9rales d&#8217;octobre 2019 ont \u00e9t\u00e9 consid\u00e9r\u00e9es comme des \u00e9lections climatiques et ont produit des r\u00e9sultats historiques pour les partis Verts. Un changement s&#8217;est \u00e9galement manifest\u00e9 chez les entrepreneurs &#8211; swisscleantech a enregistr\u00e9 une forte croissance de ses membres et a fait entendre sa voix avec la campagne #CEO4Climate.\u00a0<\/p>\n<p>En plein milieu: Christian Zeyer, directeur de swisscleantech et combattant convaincu pour une Suisse sans \u00e9nergies fossiles. La journaliste Karin Bauer l&#8217;a accompagn\u00e9 avec sa cam\u00e9ra pendant six mois &#8211; lors d&#8217;entretiens avec des parlementaires, de tables rondes avec des PDG, dans la salle d&#8217;escalade avec ses enfants et sur la sc\u00e8ne de la c\u00e9l\u00e9bration du 10e anniversaire de swisscleantech.<\/p>\n<p>Le r\u00e9sultat est un portrait tr\u00e8s personnel. Jetez-y un coup d&#8217;\u0153il!<\/p>\n<p><strong><a href=\"https:\/\/www.srf.ch\/sendungen\/dok\/das-dilemma-des-gruenen-wirtschaftslobbyisten-christian-zeyer\" target=\"_blank\" rel=\"noopener noreferrer\">SRF Reporter: Der gr\u00fcne Wirtschaftslobbyist<\/a><\/strong> (en allemand, diffus\u00e9 le 15 mars 2020)<\/p>\n","protected":false},"excerpt":{"rendered":"<p>D&#8217;une part, un scientifique orient\u00e9 vers les faits, d&#8217;autre part, un p\u00e8re de famille \u00e9motif: SRF Reporter a accompagn\u00e9 notre directeur Christian Zeyer pendant six mois. Le r\u00e9sultat est un portrait personnel et \u00e9mouvant.<\/p>\n","protected":false},"author":3,"featured_media":16417,"comment_status":"open","ping_status":"open","sticky":false,"template":"","format":"standard","meta":{"inline_featured_image":false},"categories":[2992,2987,2990,2996],"tags":[],"spitzmarke":[],"beitragstyp":[1321],"acf":[],"_links":{"self":[{"href":"https:\/\/www.swisscleantech.ch\/fr\/wp-json\/wp\/v2\/posts\/16420"}],"collection":[{"href":"https:\/\/www.swisscleantech.ch\/fr\/wp-json\/wp\/v2\/posts"}],"about":[{"href":"https:\/\/www.swisscleantech.ch\/fr\/wp-json\/wp\/v2\/types\/post"}],"author":[{"embeddable":true,"href":"https:\/\/www.swisscleantech.ch\/fr\/wp-json\/wp\/v2\/users\/3"}],"replies":[{"embeddable":true,"href":"https:\/\/www.swisscleantech.ch\/fr\/wp-json\/wp\/v2\/comments?post=16420"}],"version-history":[{"count":4,"href":"https:\/\/www.swisscleantech.ch\/fr\/wp-json\/wp\/v2\/posts\/16420\/revisions"}],"predecessor-version":[{"id":16437,"href":"https:\/\/www.swisscleantech.ch\/fr\/wp-json\/wp\/v2\/posts\/16420\/revisions\/16437"}],"wp:featuredmedia":[{"embeddable":true,"href":"https:\/\/www.swisscleantech.ch\/fr\/wp-json\/wp\/v2\/media\/16417"}],"wp:attachment":[{"href":"https:\/\/www.swisscleantech.ch\/fr\/wp-json\/wp\/v2\/media?parent=16420"}],"wp:term":[{"taxonomy":"category","embeddable":true,"href":"https:\/\/www.swisscleantech.ch\/fr\/wp-json\/wp\/v2\/categories?post=16420"},{"taxonomy":"post_tag","embeddable":true,"href":"https:\/\/www.swisscleantech.ch\/fr\/wp-json\/wp\/v2\/tags?post=16420"},{"taxonomy":"spitzmarke","embeddable":true,"href":"https:\/\/www.swisscleantech.ch\/fr\/wp-json\/wp\/v2\/spitzmarke?post=16420"},{"taxonomy":"beitragstyp","embeddable":true,"href":"https:\/\/www.swisscleantech.ch\/fr\/wp-json\/wp\/v2\/beitragstyp?post=16420"}],"curies":[{"name":"wp","href":"https:\/\/api.w.org\/{rel}","templated":true}]}}