{"id":17154,"date":"2020-07-08T06:57:28","date_gmt":"2020-07-08T06:57:28","guid":{"rendered":"https:\/\/www.swisscleantech.ch\/?p=17154"},"modified":"2020-07-08T07:09:27","modified_gmt":"2020-07-08T07:09:27","slug":"leconomie-climat-compatible-avec-un-elan-qui-va-croissant","status":"publish","type":"post","link":"https:\/\/www.swisscleantech.ch\/fr\/swisscleantech-news\/leconomie-climat-compatible-avec-un-elan-qui-va-croissant\/","title":{"rendered":"L&#8217;\u00e9conomie climat compatible avec un \u00e9lan qui va croissant"},"content":{"rendered":"<p>Swiss Re s&#8217;est engag\u00e9 d\u00e9j\u00e0 depuis longtemps dans la lutte contre le changement climatique. \u00abSwiss Re a sign\u00e9 l&#8217;Appel de Paris, soutient la r\u00e9duction mondiale des \u00e9missions de gaz \u00e0 effet de serre et contribue \u00e0 limiter le r\u00e9chauffement climatique\u00bb, indique Reto Schnarwiler, Head Group Sustainability de Swiss Re. \u00abEn mati\u00e8re d&#8217;investissements, nous avons \u00e9t\u00e9 en 2017 l&#8217;une des premi\u00e8res entreprises de la branche \u00e0 ajuster notre portefeuille de placements en fonction des crit\u00e8res ESG. Depuis, pour nos actifs comme pour les passifs, nous nous sommes engag\u00e9s \u00e0 atteindre z\u00e9ro \u00e9mission nette d&#8217;ici 2050. Pour nos propres activit\u00e9s, nous voulons mettre cet objectif en \u0153uvre d\u00e8s 2030\u00bb, poursuit Reto Schnarwiler. \u00abD&#8217;ici l\u00e0, nous voulons r\u00e9duire le maximum d&#8217;\u00e9missions de mani\u00e8re cibl\u00e9e et \u00e9liminer de l&#8217;atmosph\u00e8re par des moyens naturels ou technologiques celles qui ne peuvent pas \u00eatre supprim\u00e9es.\u00bb<\/p>\n<p>Swiss Re travaillera avec swisscleantech sur la question de la r\u00e9duction et de l&#8217;\u00e9limination des gaz \u00e0 effet de serre et pour mettre en place les bonnes conditions-cadre. Reto Schnarwiler pr\u00e9cise: \u00abNous estimons depuis longtemps qu&#8217;il est n\u00e9cessaire de former des alliances pour r\u00e9aliser des progr\u00e8s dans la lutte contre le changement climatique. Nous sommes donc heureux de rejoindre swisscleantech pour mettre en \u0153uvre ensemble des mesures concr\u00e8tes pour la protection du climat.\u00bb<\/p>\n<p>Siemens Suisse veut \u00e9galement s&#8217;investir dans cette transition vers une \u00e9conomie climat compatible. \u00abJe suis fier de travailler pour une entreprise qui, avec ses technologies, propose des solutions de d\u00e9carbonisation dans les secteurs de la production et de la distribution d&#8217;\u00e9nergie, de la gestion technique des b\u00e2timents, de l&#8217;industrie et de la mobilit\u00e9\u00bb, d\u00e9clare Matthias Rebellius, directeur g\u00e9n\u00e9ral de Siemens Suisse. \u00abLes b\u00e2timents sont responsables de 25% des \u00e9missions de CO<sub>2<\/sub>et de 40% de la consommation d&#8217;\u00e9nergie en Suisse, le potentiel est important dans ce domaine.\u00bb Siemens, un groupe mondialis\u00e9, donne le bon exemple. Siemens a \u00e9t\u00e9 l&#8217;une des premi\u00e8res grandes entreprises industrielles \u00e0 viser un bilan carbone neutre d&#8217;ici 2030. \u00abAvec son approche intersectorielle, swisscleantech est pour nous un partenaire important pour trouver des solutions socialement acceptables face aux menaces du changement climatique.\u00bb<\/p>\n<p>Romande Energie a rejoint swisscleantech parce que l&#8217;\u00e9lectrification joue un r\u00f4le important dans l&#8217;engagement contre le changement climatique. \u00abLa Suisse doit sortir des combustibles fossiles d&#8217;ici 2050\u00bb, d\u00e9clare Christian Petit, CEO de Romande Energie. \u00abC&#8217;est possible, mais cela reste un d\u00e9fi majeur\u00bb. Pour atteindre cet objectif, de nouvelles capacit\u00e9s de production devront \u00eatre ajout\u00e9es. D&#8217;autre part, le march\u00e9 de l&#8217;\u00e9lectricit\u00e9 doit devenir plus agile afin de renforcer la s\u00e9curit\u00e9 d&#8217;approvisionnement. Pour Romande Energie, il est particuli\u00e8rement important que les d\u00e9fis auxquels le secteur de l&#8217;\u00e9lectricit\u00e9 est confront\u00e9 soient \u00e9galement relev\u00e9s par des associations professionnelles intersectorielles. \u00abNous poursuivons le m\u00eame objectif: une Suisse neutre en CO<sub>2<\/sub>en 2050\u00bb, explique Christian Petit, \u00abet c&#8217;est pourquoi il est logique que nous collaborions avec swisscleantech\u00bb.<\/p>\n<p>La quatri\u00e8me nouvelle adh\u00e9sion d&#8217;importance \u00e0 swisscleantech, datant du 1<sup>er<\/sup>juillet, est celle de l&#8217;association Enveloppe des \u00e9difices Suisse. \u00abL&#8217;efficacit\u00e9 \u00e9nerg\u00e9tique dans le b\u00e2timent n&#8217;est pas qu&#8217;une question de plus d&#8217;intelligence, il ne faut pas non plus n\u00e9gliger l&#8217;isolation thermique\u00bb, souligne Andr\u00e9 Schreyer, directeur d&#8217;Enveloppe des \u00e9difices Suisse. \u00abRendre le parc immobilier suisse climat compatible est un d\u00e9fi majeur\u00bb, observe Andr\u00e9 Schreyer. \u00abSp\u00e9cialiste du secteur de l&#8217;enveloppe des \u00e9difices, nous sommes cependant tr\u00e8s motiv\u00e9s pour nous engager activement dans la lutte contre le changement climatique. Gr\u00e2ce \u00e0 l&#8217;approche \u00e9conomique globale de swisscleantech, nous pouvons apprendre les uns des autres et faire na\u00eetre des id\u00e9es et synergies enti\u00e8rement nouvelles.\u00bb<\/p>\n<p>Carsten Bopp, co-pr\u00e9sident de swisscleantech, constate avec plaisir que les adh\u00e9sions \u00e0 l&#8217;association \u00e9conomique ont enregistr\u00e9 une tr\u00e8s bonne progression au cours des derniers 18 mois. La qualit\u00e9 du travail de swisscleantech et l&#8217;ancrage \u00e9conomique global sont de plus en plus payants. Carsten Bopp est convaincu que \u00abce n&#8217;est qu&#8217;ensemble que nous surmonterons les d\u00e9fis du changement climatique et saisirons les opportunit\u00e9s qu&#8217;il offre.\u00bb<\/p>\n<p>&nbsp;<\/p>\n<p><strong><em>A propos des adh\u00e9rents:<\/em><\/strong><\/p>\n<p><em><strong><a href=\"http:\/\/www.swissre.com\" target=\"_blank\" rel=\"noopener noreferrer\">Swiss Re.<\/a> <\/strong>Swiss Re est l&#8217;un des premiers groupes mondiaux de r\u00e9assurance, assurance et autres formes de transfert de risques bas\u00e9 sur l&#8217;assurance et s&#8217;est fix\u00e9 pour objectif de rendre le monde plus r\u00e9silient. Les catastrophes naturelles, le changement climatique, l&#8217;allongement de la dur\u00e9e de vie et la cybercriminalit\u00e9 ne sont que quelques exemples des d\u00e9fis auxquels le groupe fait face avec clairvoyance et au moyen de la gestion des risques. Le groupe Swiss Re est divis\u00e9 en quatre unit\u00e9s. Chacune d&#8217;elles a sa propre strat\u00e9gie et ses propres objectifs qui contribuent ensemble \u00e0 la mission du groupe.<\/em><\/p>\n<p><em><strong><a href=\"http:\/\/www.siemens.ch\" target=\"_blank\" rel=\"noopener noreferrer\">Siemens Suisse.<\/a> <\/strong>Depuis 1894, Siemens est l&#8217;un des fournisseurs de technologies et employeurs les plus importants et les plus populaires en Suisse et est synonyme de capacit\u00e9 d&#8217;innovation. Avec ses clients, Siemens et ses quelque 5740 collaborateurs proposent des solutions d&#8217;avenir de qualit\u00e9, intelligentes, respectueuses de l&#8217;environnement, fiables, \u00e9conomiques, flexibles et adapt\u00e9es aux besoins individuels. La recherche et le d\u00e9veloppement de Siemens en Suisse, la collaboration remarquable avec les hautes \u00e9coles et la souplesse de l&#8217;environnement de travail font de l&#8217;entreprise un \u00e9l\u00e9ment essentiel du p\u00f4le de savoir que repr\u00e9sente la Suisse.<\/em><\/p>\n<p><em><a href=\"http:\/\/www.romande-energie.ch\" target=\"_blank\" rel=\"noopener noreferrer\"><strong>Romande Energie.\u00a0<\/strong><\/a>Energ\u00e9ticien de r\u00e9f\u00e9rence et premier fournisseur d\u2019\u00e9lectricit\u00e9 en Suisse romande, le Groupe Romande Energie propose de nombreuses solutions durables dans des domaines aussi vari\u00e9s que la distribution d\u2019\u00e9nergie, les services \u00e9nerg\u00e9tiques, l\u2019efficience \u00e9nerg\u00e9tique ainsi que la mobilit\u00e9 \u00e9lectrique. Par sa production propre 100% renouvelable, ses services innovants et sa politique de Responsabilit\u00e9 Soci\u00e9tale d\u2019Entreprise, le Groupe entend d\u00e9velopper, avec ses clients, investisseurs et collaborateurs, un meilleur cadre de vie. Romande Energie s\u2019engage \u00e9galement au quotidien \u00e0 proposer des prestations de haute qualit\u00e9 et \u00e0 garantir un approvisionnement fiable au plus pr\u00e8s des attentes de ses clients afin de les accompagner dans la transition \u00e9nerg\u00e9tique.<\/em><\/p>\n<p><em><strong><a href=\"http:\/\/www.geb\u00e4udeh\u00fclle.swiss\/fr\" target=\"_blank\" rel=\"noopener noreferrer\">Enveloppe des \u00e9difices Suisse.<\/a> <\/strong>Enveloppe des \u00e9difices Suisse est une association professionnelle nationale et un centre de comp\u00e9tences et prestataire de services leader pour l&#8217;enveloppe des \u00e9difices. L&#8217;association d\u00e9fend les int\u00e9r\u00eats des entreprises du secteur de l&#8217;enveloppe des \u00e9difices et vise \u00e0 optimiser les conditions-cadre pour la branche. Politique patronale int\u00e9grale, politique de formation et applications sont au c\u0153ur des comp\u00e9tences d&#8217;Enveloppe des \u00e9difices Suisse.<\/em><\/p>\n","protected":false},"excerpt":{"rendered":"<p>De plus en plus d&#8217;entreprises constatent qu&#8217;il est important de s&#8217;engager dans la lutte contre le changement climatique, en particulier au niveau local. Les nombreuses nouvelles adh\u00e9sions \u00e0 swisscleantech de petites et grandes entreprises ainsi que d&#8217;associations en attestent. Le mois dernier, swisscleantech a vu avec grand plaisir les entreprises Swiss Re, Siemens Suisse \u2013 toutes deux leaders du Dow Jones Sustainability Index dans leur secteur d&#8217;activit\u00e9 \u2013 et Romande Energie ainsi que l&#8217;association professionnelle Enveloppe des \u00e9difices Suisse rejoindre l&#8217;association.<\/p>\n","protected":false},"author":3,"featured_media":17173,"comment_status":"open","ping_status":"open","sticky":false,"template":"","format":"standard","meta":{"inline_featured_image":false},"categories":[45],"tags":[],"spitzmarke":[4632,4658],"beitragstyp":[1320],"acf":[],"_links":{"self":[{"href":"https:\/\/www.swisscleantech.ch\/fr\/wp-json\/wp\/v2\/posts\/17154"}],"collection":[{"href":"https:\/\/www.swisscleantech.ch\/fr\/wp-json\/wp\/v2\/posts"}],"about":[{"href":"https:\/\/www.swisscleantech.ch\/fr\/wp-json\/wp\/v2\/types\/post"}],"author":[{"embeddable":true,"href":"https:\/\/www.swisscleantech.ch\/fr\/wp-json\/wp\/v2\/users\/3"}],"replies":[{"embeddable":true,"href":"https:\/\/www.swisscleantech.ch\/fr\/wp-json\/wp\/v2\/comments?post=17154"}],"version-history":[{"count":2,"href":"https:\/\/www.swisscleantech.ch\/fr\/wp-json\/wp\/v2\/posts\/17154\/revisions"}],"predecessor-version":[{"id":17168,"href":"https:\/\/www.swisscleantech.ch\/fr\/wp-json\/wp\/v2\/posts\/17154\/revisions\/17168"}],"wp:featuredmedia":[{"embeddable":true,"href":"https:\/\/www.swisscleantech.ch\/fr\/wp-json\/wp\/v2\/media\/17173"}],"wp:attachment":[{"href":"https:\/\/www.swisscleantech.ch\/fr\/wp-json\/wp\/v2\/media?parent=17154"}],"wp:term":[{"taxonomy":"category","embeddable":true,"href":"https:\/\/www.swisscleantech.ch\/fr\/wp-json\/wp\/v2\/categories?post=17154"},{"taxonomy":"post_tag","embeddable":true,"href":"https:\/\/www.swisscleantech.ch\/fr\/wp-json\/wp\/v2\/tags?post=17154"},{"taxonomy":"spitzmarke","embeddable":true,"href":"https:\/\/www.swisscleantech.ch\/fr\/wp-json\/wp\/v2\/spitzmarke?post=17154"},{"taxonomy":"beitragstyp","embeddable":true,"href":"https:\/\/www.swisscleantech.ch\/fr\/wp-json\/wp\/v2\/beitragstyp?post=17154"}],"curies":[{"name":"wp","href":"https:\/\/api.w.org\/{rel}","templated":true}]}}