{"id":17234,"date":"2020-07-13T16:17:36","date_gmt":"2020-07-13T16:17:36","guid":{"rendered":"https:\/\/www.swisscleantech.ch\/?p=17234"},"modified":"2020-07-16T12:04:39","modified_gmt":"2020-07-16T12:04:39","slug":"loi-sur-lenergie-promouvoir-la-production-hivernale-avec-des-energies-renouvelables","status":"publish","type":"post","link":"https:\/\/www.swisscleantech.ch\/fr\/article\/loi-sur-lenergie-promouvoir-la-production-hivernale-avec-des-energies-renouvelables\/","title":{"rendered":"Loi sur l&#8217;\u00e9nergie : promouvoir la production hivernale avec des \u00e9nergies renouvelables"},"content":{"rendered":"<p>swisscleantech salue dans l&#8217;ensemble la position du Conseil f\u00e9d\u00e9ral visant \u00e0 promouvoir l&#8217;expansion des \u00e9nergies renouvelables en Suisse. La nouvelle loi devrait donner une forte impulsion aux \u00e9nergies renouvelables dans les ann\u00e9es \u00e0 venir.<\/p>\n<p>En outre, swisscleantech est convaincu que cette loi doit \u00eatre d\u00e9finie sur la base d&#8217;une analyse coh\u00e9rente des sp\u00e9cificit\u00e9s suisses. Premi\u00e8rement, l&#8217;augmentation de la production renouvelable doit \u00eatre compatible avec les objectifs climatiques de la Suisse. La fermeture des centrales nucl\u00e9aires dans le cadre de la strat\u00e9gie \u00e9nerg\u00e9tique 2050, la d\u00e9carbonisation et l&#8217;\u00e9lectrification de secteurs cl\u00e9s n\u00e9cessiteront <em>de facto\u00a0<\/em>une augmentation significative de la production d\u2019\u00e9lectricit\u00e9 en Suisse. Cette production devra provenir de sources renouvelables.<\/p>\n<p>Deuxi\u00e8mement, la Suisse doit \u00eatre en mesure de maintenir un niveau de s\u00e9curit\u00e9 \u00e9lev\u00e9 pour son approvisionnement \u00e0 l&#8217;avenir. L&#8217;analyse montre clairement que les mois d&#8217;hiver pr\u00e9sentent des risques \u00e9lev\u00e9s \u00e0 moyen et long terme en ce qui concerne la s\u00e9curit\u00e9 de l&#8217;approvisionnement, lorsque les centrales hydro\u00e9lectriques produisent peu. Il convient donc d&#8217;encourager la mise en place de m\u00e9canismes permettant une augmentation massive de la production pendant les mois d&#8217;hiver. Afin de garantir cette s\u00e9curit\u00e9 d&#8217;approvisionnement, des objectifs de production hivernale doivent \u00eatre d\u00e9finis. Les m\u00e9canismes d&#8217;ench\u00e8res mis en place doivent \u00e9galement utiliser comme crit\u00e8res d&#8217;attribution les prix de production les plus bas en hiver.<\/p>\n<p>Enfin, nous saluons la volont\u00e9 du Conseil f\u00e9d\u00e9ral d&#8217;ouverture totale du march\u00e9 de l&#8217;\u00e9lectricit\u00e9, qui a \u00e9t\u00e9 confirm\u00e9e le 3 avril 2020. Cette nouvelle loi sur l\u2019\u00e9nergie et les instruments li\u00e9s doivent \u00eatre d\u00e9velopp\u00e9s dans ce contexte de lib\u00e9ralisation du march\u00e9.<\/p>\n","protected":false},"excerpt":{"rendered":"<p>swisscleantech pr\u00e9conise des objectifs de d\u00e9ploiement ambitieux et des instruments efficaces pour assurer la s\u00e9curit\u00e9 de l&#8217;approvisionnement en \u00e9lectricit\u00e9 de la Suisse.<\/p>\n","protected":false},"author":3,"featured_media":17235,"comment_status":"open","ping_status":"open","sticky":false,"template":"","format":"standard","meta":{"inline_featured_image":false},"categories":[2988,2991,2987,2990,2989],"tags":[],"spitzmarke":[4660],"beitragstyp":[1321],"acf":[],"_links":{"self":[{"href":"https:\/\/www.swisscleantech.ch\/fr\/wp-json\/wp\/v2\/posts\/17234"}],"collection":[{"href":"https:\/\/www.swisscleantech.ch\/fr\/wp-json\/wp\/v2\/posts"}],"about":[{"href":"https:\/\/www.swisscleantech.ch\/fr\/wp-json\/wp\/v2\/types\/post"}],"author":[{"embeddable":true,"href":"https:\/\/www.swisscleantech.ch\/fr\/wp-json\/wp\/v2\/users\/3"}],"replies":[{"embeddable":true,"href":"https:\/\/www.swisscleantech.ch\/fr\/wp-json\/wp\/v2\/comments?post=17234"}],"version-history":[{"count":1,"href":"https:\/\/www.swisscleantech.ch\/fr\/wp-json\/wp\/v2\/posts\/17234\/revisions"}],"predecessor-version":[{"id":17236,"href":"https:\/\/www.swisscleantech.ch\/fr\/wp-json\/wp\/v2\/posts\/17234\/revisions\/17236"}],"wp:featuredmedia":[{"embeddable":true,"href":"https:\/\/www.swisscleantech.ch\/fr\/wp-json\/wp\/v2\/media\/17235"}],"wp:attachment":[{"href":"https:\/\/www.swisscleantech.ch\/fr\/wp-json\/wp\/v2\/media?parent=17234"}],"wp:term":[{"taxonomy":"category","embeddable":true,"href":"https:\/\/www.swisscleantech.ch\/fr\/wp-json\/wp\/v2\/categories?post=17234"},{"taxonomy":"post_tag","embeddable":true,"href":"https:\/\/www.swisscleantech.ch\/fr\/wp-json\/wp\/v2\/tags?post=17234"},{"taxonomy":"spitzmarke","embeddable":true,"href":"https:\/\/www.swisscleantech.ch\/fr\/wp-json\/wp\/v2\/spitzmarke?post=17234"},{"taxonomy":"beitragstyp","embeddable":true,"href":"https:\/\/www.swisscleantech.ch\/fr\/wp-json\/wp\/v2\/beitragstyp?post=17234"}],"curies":[{"name":"wp","href":"https:\/\/api.w.org\/{rel}","templated":true}]}}