{"id":18710,"date":"2021-04-20T12:53:13","date_gmt":"2021-04-20T12:53:13","guid":{"rendered":"https:\/\/www.swisscleantech.ch\/?p=18710"},"modified":"2021-04-20T13:07:29","modified_gmt":"2021-04-20T13:07:29","slug":"rapport-annuel-2020","status":"publish","type":"post","link":"https:\/\/www.swisscleantech.ch\/fr\/publication\/rapport-annuel-2020\/","title":{"rendered":"Wind of Change \u2013 notre rapport annuel 2020 est en ligne"},"content":{"rendered":"<p><span lang=\"FR-CH\">2020 fut pour nous tous une ann\u00e9e exceptionnelle. Malgr\u00e9 les circonstances difficiles, nous sommes fiers de notre bilan car nous avons convaincu beaucoup de nouvelles entreprises de nous rejoindre pour nous soutenir dans notre mission. <\/span> Nous sommes\u00a0tr\u00e8s heureux de travailler avec des\u00a0PME innovantes comme\u00a0Growcer et Griesser SA ainsi qu\u2019avec des entreprises de renom\u00a0telles que Swiss Re, Siemens ou la Mobili\u00e8re. Ensemble, nous\u00a0voulons faire avancer notre vision : donner forme \u00e0 l\u2019\u00e9conomie\u00a0climat compatible et parvenir \u00e0 la neutralit\u00e9 carbone de la\u00a0Suisse d\u2019ici 2050.<\/p>\n<p>Les probl\u00e9matiques sur lesquelles nous travaillons depuis des\u00a0ann\u00e9es sont aujourd\u2019hui plus centrales que jamais : comment r\u00e9unissons-nous des majorit\u00e9s en faveur d\u2019une politique\u00a0climatique engag\u00e9e et efficace? Comment pouvons-nous\u00a0d\u00e9velopper suffisamment rapidement la production des\u00a0\u00e9nergies renouvelables en Suisse? Par quels moyens\u00a0peut-on acc\u00e9l\u00e9rer la modernisation du parc immobilier?<\/p>\n<p>Nous, swisscleantech et la Suisse, nous avons progress\u00e9\u00a0dans tous les domaines en 2020. La prise de conscience\u00a0de l\u2019urgence de transformer notre \u00e9conomie s\u2019est\u00a0renforc\u00e9e. Ce que l\u2019on jugeait encore comme trop\u00a0ambitieux il y a deux ans est aujourd\u2019hui largement\u00a0accept\u00e9. Il s\u2019av\u00e8re que les crises ne peuvent \u00eatre\u00a0surmont\u00e9es que par le dialogue et avec le soutien des\u00a0milieux \u00e9conomiques. Cela vaut \u00e9galement pour les\u00a0d\u00e9fis li\u00e9s au changement climatique auxquels nous\u00a0devrons faire face dans un proche avenir. Seule\u00a0l\u2019\u00e9conomie pourra mettre \u00e0 disposition les innovations\u00a0dans les technologies durables, dont on a un\u00a0besoin urgent, et permettre que des nouveaux\u00a0produits soient largement utilis\u00e9s. Pour cela, il faut\u00a0deux choses : d\u2019une part des conditions-cadre\u00a0politiques imposant la r\u00e9silience et la durabilit\u00e9 et\u00a0d\u2019autre part le march\u00e9.<\/p>\n<p>Un vieux proverbe chinois dit que lorsque souffle le vent du changement, certains construisent des\u00a0murs et d\u2019autres des moulins \u00e0 vent. Nous\u00a0sommes convaincus que des changements sont\u00a0n\u00e9cessaires pour r\u00e9aliser notre vision. Nous\u00a0sentons clairement le changement chez les\u00a0entrepreneuses et entrepreneurs.<\/p>\n<p>Cela nous motive de voir que de plus en plus de chefs d\u2019entreprise sont\u00a0pr\u00eats \u00e0 s\u2019exposer pour d\u00e9fendre les bonnes conditions-cadre politiques.\u00a0Le nombre de nos adh\u00e9rents traduit bien cette tendance (nous comptons\u00a0plus de 450 adh\u00e9rents et repr\u00e9sentons environ 400 000 employ\u00e9\u00b7es) de m\u00eame que les initiatives telles que CEO4climate dont\u00a0nous avons \u00e9t\u00e9 l\u2019un des initiateurs et qui est maintenant soutenue\u00a0par plus de 450 chefs d\u2019entreprise. Ces \u00e9volutions montrent que les\u00a0activit\u00e9s \u00e9conomiques climat compatibles et le d\u00e9veloppement\u00a0durable sont une n\u00e9cessit\u00e9 et offrent de nombreuses opportunit\u00e9s\u00a0\u00e0 nos entreprises.<\/p>\n<p>Nous avons toujours beaucoup de projets pour 2021. Le r\u00e9f\u00e9rendum\u00a0sur la loi sur le CO<sub>2<\/sub> sera au coeur de nos pr\u00e9occupations. swisscleantech\u00a0a suivi de pr\u00e8s le processus politique et l\u2019a marqu\u00e9 de\u00a0son empreinte. Aux c\u00f4t\u00e9s de l\u2019Alliance \u00ab\u00c9conomie suisse pour la\u00a0loi sur le CO<sub>2<\/sub>\u00bb, \u00e0 la cr\u00e9ation de laquelle nous avons particip\u00e9,\u00a0nous allons tout faire pour que la loi sur le CO<sub>2<\/sub> s\u2019impose.\u00a0L\u2019\u00e9conomie climat compatible doit cro\u00eetre, tel est notre premier\u00a0objectif. Pour cela, votre soutien est essentiel. Rien n\u2019est plus\u00a0pr\u00e9cieux que votre engagement personnel et vos recommandations.\u00a0Faites conna\u00eetre notre communaut\u00e9 en plein essor et qui\u00a0d\u00e9fend un avenir durable \u00e0 vos coll\u00e8gues chef\u00b7fes d\u2019entreprise.\u00a0Aujourd\u2019hui, donnez forme avec nous \u00e0 l&#8217;\u00e9conomie de demain. Climat compatible.<\/p>\n<p><strong>Lesen Sie mehr in unserem Jahresbericht!<\/strong><\/p>\n<p><a href=\"https:\/\/www.swisscleantech.ch\/files\/swisscleantech_jahresbericht_2020_de.pdf\" target=\"_blank\" rel=\"noopener noreferrer\">PDF-Download<\/a><\/p>\n","protected":false},"excerpt":{"rendered":"<p><span lang=\"FR-CH\">L&#8217;ann\u00e9e 2020 a montr\u00e9 clairement que les probl\u00e9matiques sur lesquelles nous travaillons depuis des ann\u00e9es sont aujourd\u2019hui plus centrales que jamais. La prise de conscience de l\u2019urgence de d\u00e9carboner notre \u00e9conomie s&#8217;est renforc\u00e9e. Ce que l\u2019on jugeait encore \u00ab\u00a0trop ambitieux\u00a0\u00bb il y a deux ans est aujourd\u2019hui largement accept\u00e9. Dans notre rapport annuel, nous revenons sur les projets et les changements les plus importants.<\/span><\/p>\n","protected":false},"author":3,"featured_media":18713,"comment_status":"open","ping_status":"open","sticky":false,"template":"","format":"standard","meta":{"inline_featured_image":false},"categories":[45],"tags":[],"spitzmarke":[4652],"beitragstyp":[1319],"acf":[],"_links":{"self":[{"href":"https:\/\/www.swisscleantech.ch\/fr\/wp-json\/wp\/v2\/posts\/18710"}],"collection":[{"href":"https:\/\/www.swisscleantech.ch\/fr\/wp-json\/wp\/v2\/posts"}],"about":[{"href":"https:\/\/www.swisscleantech.ch\/fr\/wp-json\/wp\/v2\/types\/post"}],"author":[{"embeddable":true,"href":"https:\/\/www.swisscleantech.ch\/fr\/wp-json\/wp\/v2\/users\/3"}],"replies":[{"embeddable":true,"href":"https:\/\/www.swisscleantech.ch\/fr\/wp-json\/wp\/v2\/comments?post=18710"}],"version-history":[{"count":1,"href":"https:\/\/www.swisscleantech.ch\/fr\/wp-json\/wp\/v2\/posts\/18710\/revisions"}],"predecessor-version":[{"id":18714,"href":"https:\/\/www.swisscleantech.ch\/fr\/wp-json\/wp\/v2\/posts\/18710\/revisions\/18714"}],"wp:featuredmedia":[{"embeddable":true,"href":"https:\/\/www.swisscleantech.ch\/fr\/wp-json\/wp\/v2\/media\/18713"}],"wp:attachment":[{"href":"https:\/\/www.swisscleantech.ch\/fr\/wp-json\/wp\/v2\/media?parent=18710"}],"wp:term":[{"taxonomy":"category","embeddable":true,"href":"https:\/\/www.swisscleantech.ch\/fr\/wp-json\/wp\/v2\/categories?post=18710"},{"taxonomy":"post_tag","embeddable":true,"href":"https:\/\/www.swisscleantech.ch\/fr\/wp-json\/wp\/v2\/tags?post=18710"},{"taxonomy":"spitzmarke","embeddable":true,"href":"https:\/\/www.swisscleantech.ch\/fr\/wp-json\/wp\/v2\/spitzmarke?post=18710"},{"taxonomy":"beitragstyp","embeddable":true,"href":"https:\/\/www.swisscleantech.ch\/fr\/wp-json\/wp\/v2\/beitragstyp?post=18710"}],"curies":[{"name":"wp","href":"https:\/\/api.w.org\/{rel}","templated":true}]}}