{"id":18872,"date":"2021-05-05T09:21:19","date_gmt":"2021-05-05T09:21:19","guid":{"rendered":"https:\/\/www.swisscleantech.ch\/?p=18872"},"modified":"2021-05-17T12:38:12","modified_gmt":"2021-05-17T12:38:12","slug":"comite-directeur","status":"publish","type":"post","link":"https:\/\/www.swisscleantech.ch\/fr\/article\/comite-directeur\/","title":{"rendered":"Susanne Vincenz-Stauffacher au Comit\u00e9 directeur"},"content":{"rendered":"<p>Susanne Vincenz-Stauffacher, conseill\u00e8re nationale PLR et avocate, a \u00e9t\u00e9 \u00e9lue au Comit\u00e9 directeur de swisscleantech lors de l\u2019assembl\u00e9e g\u00e9n\u00e9rale du 3 mai. Elle remplace le conseiller national Vert\u2019lib\u00e9ral J\u00fcrg Grossen qui a \u00e9t\u00e9 tr\u00e8s actif pour l\u2019association.<\/p>\n<p>&nbsp;<\/p>\n","protected":false},"excerpt":{"rendered":"<p>Susanne Vincenz-Stauffacher, conseill\u00e8re nationale PLR et avocate, a \u00e9t\u00e9 \u00e9lue au Comit\u00e9 directeur de swisscleantech lors de l\u2019assembl\u00e9e g\u00e9n\u00e9rale du 3 mai. Elle remplace le conseiller national Vert\u2019lib\u00e9ral J\u00fcrg Grossen qui a \u00e9t\u00e9 tr\u00e8s actif pour l\u2019association. &nbsp;<\/p>\n","protected":false},"author":3,"featured_media":18873,"comment_status":"open","ping_status":"open","sticky":false,"template":"","format":"standard","meta":{"inline_featured_image":false},"categories":[45],"tags":[],"spitzmarke":[],"beitragstyp":[1321],"acf":[],"_links":{"self":[{"href":"https:\/\/www.swisscleantech.ch\/fr\/wp-json\/wp\/v2\/posts\/18872"}],"collection":[{"href":"https:\/\/www.swisscleantech.ch\/fr\/wp-json\/wp\/v2\/posts"}],"about":[{"href":"https:\/\/www.swisscleantech.ch\/fr\/wp-json\/wp\/v2\/types\/post"}],"author":[{"embeddable":true,"href":"https:\/\/www.swisscleantech.ch\/fr\/wp-json\/wp\/v2\/users\/3"}],"replies":[{"embeddable":true,"href":"https:\/\/www.swisscleantech.ch\/fr\/wp-json\/wp\/v2\/comments?post=18872"}],"version-history":[{"count":3,"href":"https:\/\/www.swisscleantech.ch\/fr\/wp-json\/wp\/v2\/posts\/18872\/revisions"}],"predecessor-version":[{"id":18878,"href":"https:\/\/www.swisscleantech.ch\/fr\/wp-json\/wp\/v2\/posts\/18872\/revisions\/18878"}],"wp:featuredmedia":[{"embeddable":true,"href":"https:\/\/www.swisscleantech.ch\/fr\/wp-json\/wp\/v2\/media\/18873"}],"wp:attachment":[{"href":"https:\/\/www.swisscleantech.ch\/fr\/wp-json\/wp\/v2\/media?parent=18872"}],"wp:term":[{"taxonomy":"category","embeddable":true,"href":"https:\/\/www.swisscleantech.ch\/fr\/wp-json\/wp\/v2\/categories?post=18872"},{"taxonomy":"post_tag","embeddable":true,"href":"https:\/\/www.swisscleantech.ch\/fr\/wp-json\/wp\/v2\/tags?post=18872"},{"taxonomy":"spitzmarke","embeddable":true,"href":"https:\/\/www.swisscleantech.ch\/fr\/wp-json\/wp\/v2\/spitzmarke?post=18872"},{"taxonomy":"beitragstyp","embeddable":true,"href":"https:\/\/www.swisscleantech.ch\/fr\/wp-json\/wp\/v2\/beitragstyp?post=18872"}],"curies":[{"name":"wp","href":"https:\/\/api.w.org\/{rel}","templated":true}]}}