{"id":19007,"date":"2021-06-13T14:01:28","date_gmt":"2021-06-13T14:01:28","guid":{"rendered":"https:\/\/www.swisscleantech.ch\/?p=19007"},"modified":"2021-06-13T14:17:15","modified_gmt":"2021-06-13T14:17:15","slug":"atteindre-les-objectifs-climatiques-maintenant-plus-que-jamais","status":"publish","type":"post","link":"https:\/\/www.swisscleantech.ch\/fr\/communique-presse\/atteindre-les-objectifs-climatiques-maintenant-plus-que-jamais\/","title":{"rendered":"Atteindre les objectifs climatiques \u2013 maintenant plus que jamais"},"content":{"rendered":"<p><em>\u00ab\u00a0La Suisse laisse passer une chance. La loi aurait fourni un cadre l\u00e9gal appropri\u00e9 pour la mise en \u0153uvre. Ce cadre fait maintenant d\u00e9faut. Il est clair que la large alliance de l&#8217;\u00e9conomie n&#8217;est pas parvenue \u00e0 expliquer \u00e0 la population l&#8217;importance de la loi sur le CO<sub>2<\/sub> dans la lutte contre la crise climatique\u00a0\u00bb, <\/em>d\u00e9clare Fabian Etter, co-pr\u00e9sident de swisscleantech. <em>\u00ab\u00a0Retour \u00e0 la case d\u00e9part\u00a0: il va donc falloir trouver des mesures susceptibles d&#8217;\u00eatre approuv\u00e9es par une majorit\u00e9. Ensuite, celles-ci devront \u00eatre mises en \u0153uvre \u00e0 un rythme acc\u00e9l\u00e9r\u00e9. Une \u00e9conomie climat compatible &#8211; tel est notre slogan, et c&#8217;est en ce sens que nous allons continuer de nous engager.\u00a0\u00bb<\/em><\/p>\n<p>Fabian Etter est convaincu que les co\u00fbts \u00e9conomiques attendus des dommages caus\u00e9s par le r\u00e9chauffement climatique ne nous permettent pas d&#8217;attendre plus longtemps. Pour que l&#8217;\u00e9conomie puisse continuer \u00e0 g\u00e9n\u00e9rer des profits, elle doit pr\u00e9server l&#8217;environnement. La Suisse passe \u00e9galement \u00e0 c\u00f4t\u00e9 d&#8217;une immense opportunit\u00e9 \u00e9conomique\u00a0: des investissements dans des technologies innovantes favorisant la protection de l&#8217;environnement augmenteraient la cr\u00e9ation de valeur en Suisse et permettraient de cr\u00e9er de nouveaux emplois.<\/p>\n<p><strong>Des mesures uniquement \u00e0 caract\u00e8re volontaire, c&#8217;est une illusion<br \/>\n<\/strong>M\u00eame si de plus en plus d&#8217;entreprises s&#8217;engagent pour la protection du climat, c&#8217;est une illusion de croire que l&#8217;objectif de neutralit\u00e9 climatique de la Suisse d&#8217;ici 2050 puisse \u00eatre atteint par des mesures \u00e0 caract\u00e8re uniquement volontaire.<\/p>\n<p><em>\u00ab\u00a0Les entreprises attendent des responsables politiques qu&#8217;ils mettent en place des conditions-cadre claires en mati\u00e8re de protection du climat. Pour elles, la s\u00e9curit\u00e9 de la planification est essentielle. Il faut donc \u00e9laborer maintenant un nouveau projet de loi le plus rapidement possible\u00a0\u00bb<\/em>, indique le co-pr\u00e9sident de swisscleantech.<\/p>\n<p><strong>La votation n&#8217;\u00e9tait qu&#8217;un d\u00e9but<br \/>\n<\/strong>Avec le rejet de la loi sur le CO<sub>2<\/sub>, le processus d&#8217;\u00e9laboration de la loi va devoir recommencer. swisscleantech va agir pour que soient \u00e9labor\u00e9es des solutions respectueuses du climat et de l&#8217;\u00e9conomie, susceptibles d&#8217;\u00eatre approuv\u00e9es par une majorit\u00e9 \u2013 pour les b\u00e2timents comme pour les transports et le d\u00e9veloppement des \u00e9nergies renouvelables. Le r\u00e9sultat de la votation montre que la sensibilisation des milieux \u00e9conomiques et de la population \u00e0 la protection du climat doit demeurer un objectif important.<\/p>\n","protected":false},"excerpt":{"rendered":"<p><strong>Zurich, 13 juin 2021<\/strong> <strong>\u2013<\/strong> L&#8217;association \u00e9conomique swisscleantech est d\u00e9\u00e7ue du r\u00e9sultat de la votation sur la loi sur le CO<sub>2<\/sub>.<\/p>\n","protected":false},"author":3,"featured_media":19026,"comment_status":"open","ping_status":"open","sticky":false,"template":"","format":"standard","meta":{"inline_featured_image":false},"categories":[2992,2987,2989,2994,2993],"tags":[],"spitzmarke":[4679],"beitragstyp":[1203],"acf":[],"_links":{"self":[{"href":"https:\/\/www.swisscleantech.ch\/fr\/wp-json\/wp\/v2\/posts\/19007"}],"collection":[{"href":"https:\/\/www.swisscleantech.ch\/fr\/wp-json\/wp\/v2\/posts"}],"about":[{"href":"https:\/\/www.swisscleantech.ch\/fr\/wp-json\/wp\/v2\/types\/post"}],"author":[{"embeddable":true,"href":"https:\/\/www.swisscleantech.ch\/fr\/wp-json\/wp\/v2\/users\/3"}],"replies":[{"embeddable":true,"href":"https:\/\/www.swisscleantech.ch\/fr\/wp-json\/wp\/v2\/comments?post=19007"}],"version-history":[{"count":2,"href":"https:\/\/www.swisscleantech.ch\/fr\/wp-json\/wp\/v2\/posts\/19007\/revisions"}],"predecessor-version":[{"id":19011,"href":"https:\/\/www.swisscleantech.ch\/fr\/wp-json\/wp\/v2\/posts\/19007\/revisions\/19011"}],"wp:featuredmedia":[{"embeddable":true,"href":"https:\/\/www.swisscleantech.ch\/fr\/wp-json\/wp\/v2\/media\/19026"}],"wp:attachment":[{"href":"https:\/\/www.swisscleantech.ch\/fr\/wp-json\/wp\/v2\/media?parent=19007"}],"wp:term":[{"taxonomy":"category","embeddable":true,"href":"https:\/\/www.swisscleantech.ch\/fr\/wp-json\/wp\/v2\/categories?post=19007"},{"taxonomy":"post_tag","embeddable":true,"href":"https:\/\/www.swisscleantech.ch\/fr\/wp-json\/wp\/v2\/tags?post=19007"},{"taxonomy":"spitzmarke","embeddable":true,"href":"https:\/\/www.swisscleantech.ch\/fr\/wp-json\/wp\/v2\/spitzmarke?post=19007"},{"taxonomy":"beitragstyp","embeddable":true,"href":"https:\/\/www.swisscleantech.ch\/fr\/wp-json\/wp\/v2\/beitragstyp?post=19007"}],"curies":[{"name":"wp","href":"https:\/\/api.w.org\/{rel}","templated":true}]}}