{"id":20319,"date":"2021-11-15T10:11:11","date_gmt":"2021-11-15T10:11:11","guid":{"rendered":"https:\/\/www.swisscleantech.ch\/?p=20319"},"modified":"2021-12-09T17:17:24","modified_gmt":"2021-12-09T17:17:24","slug":"bilan-de-la-conference-sur-le-climat-manque-de-solidarite-internationale-et-dengagement-au-niveau-national","status":"publish","type":"post","link":"https:\/\/www.swisscleantech.ch\/fr\/article\/bilan-de-la-conference-sur-le-climat-manque-de-solidarite-internationale-et-dengagement-au-niveau-national\/","title":{"rendered":"Bilan de la Conf\u00e9rence sur le climat: manque de solidarit\u00e9 internationale et d\u2019engagement au niveau national"},"content":{"rendered":"<p>Ce n\u2019est pas la Conf\u00e9rence de Glasgow qui est d\u00e9sastreuse, mais la politique climatique des pays participants qui est insuffisante. L\u2019organisation <a href=\"https:\/\/climateactiontracker.org\/\" target=\"_blank\" rel=\"noopener\">Climate Action Tracker<\/a> d\u00e9montre que pratiquement aucune nation au monde ne dispose d\u2019une politique climatique conforme \u00e0 l\u2019Accord de Paris sur le climat. La Suisse ne fait gu\u00e8re mieux: En votant contre la loi sur le CO<sub>2<\/sub>, elle fait au contraire partie des rares pays qui ne peuvent pas pr\u00e9senter de plans contraignants pour atteindre leurs objectifs en mati\u00e8re de politique climatique.<\/p>\r\n<p>Les reproches adress\u00e9s \u00e0 la Chine et \u00e0 l'Inde sont hypocrites pour deux raisons: tout d\u2019abord, notre prosp\u00e9rit\u00e9 \u00e0 nous, pays industrialis\u00e9s, repose \u00e9galement en grande partie sur les mati\u00e8res premi\u00e8res fossiles \u2013 une position peu enviable pour montrer du doigt les autres qui se situent encore bien en-de\u00e7\u00e0 de ce niveau de prosp\u00e9rit\u00e9.<\/p>\r\n<p>Ensuite, du fait de notre consommation nationale, nous sommes aussi \u00e0 l\u2019origine des \u00e9missions de la Chine et de l\u2019Inde. En effet, nos biens de consommation dans les pays o\u00f9 nos biens sont produits g\u00e9n\u00e8rent environ deux fois plus d\u2019\u00e9missions que celles que nous produisons en Suisse. Le fait que nous nous engagions en m\u00eame temps \u00e0 faire progresser le commerce des certificats climatiques afin de r\u00e9duire les \u00e9missions en Suisse frise donc l\u2019hypocrisie.<\/p>\r\n<p>Bien s\u00fbr, il faut reconna\u00eetre \u00e0 la Suisse qu\u2019elle s\u2019engage activement pour que ce commerce se fasse au moins selon des r\u00e8gles transparentes. Malgr\u00e9 tout, l\u2019objectif de compenser une part importante des \u00e9missions suisses \u00e0 l\u2019\u00e9tranger n\u2019est que l\u2019expression d\u2019une prise de conscience encore trop faible de l\u2019ampleur de la crise climatique au sein de la population suisse. Comment les officiels suisses peuvent-ils adopter une position plus ambitieuse lors des n\u00e9gociations s\u2019ils n\u2019ont pas le soutien de l\u2019\u00e9lectorat chez eux? Le positionnement suisse n\u2019est donc pas si diff\u00e9rent de celui de la Chine, de l\u2019Inde, de la Russie ou de l\u2019Arabie saoudite. Tous le savent: une politique climatique ambitieuse est un exercice p\u00e9rilleux \u00e0 court terme, dans lequel ils ne veulent pas se lancer. Ce faisant, ils perdent de vue que le gain \u00e9conomique \u00e0 long terme est important et que la voie vers un avenir \u00e9co-compatible est sans alternative.<\/p>\r\n<p>En fin de compte, la Conf\u00e9rence sur le climat de Glasgow confirme surtout une chose: la solidarit\u00e9 mondiale, souvent r\u00e9clam\u00e9e, fait encore d\u00e9faut aujourd\u2019hui \u2013 bien que nous sachions que tout le monde est dans le m\u00eame bateau. Il reste donc a fortiori deux moyens pour faire face \u00e0 la crise climatique: Des r\u00e9ductions ambitieuses des \u00e9missions de CO<sub>2<\/sub> dans son propre pays et le d\u00e9veloppement de la coop\u00e9ration internationale. Ainsi, la d\u00e9claration commune de la Chine et des \u00c9tats-Unis en faveur d\u2019une plus grande coop\u00e9ration sur la protection du climat constitue au moins une lueur d\u2019espoir.<\/p>\r\n<p>&nbsp;<\/p>","protected":false},"excerpt":{"rendered":"L\u2019Inde et la Chine bloquent au dernier moment une formulation plus stricte sur la sortie du charbon. Ainsi \u2013 d\u2019apr\u00e8s les journalistes \u2013 la Conf\u00e9rence sur le climat de Glasgow est un d\u00e9sastre et la Chine comme l\u2019Inde en sont tenus pour responsables. Les m\u00e9dias ont-ils raison? Un examen plus nuanc\u00e9 donne une image un peu diff\u00e9rente \u2013 non seulement ces pays, mais aussi la Suisse et la coop\u00e9ration internationale ont livr\u00e9 une pi\u00e8tre performance.","protected":false},"author":1,"featured_media":20320,"comment_status":"open","ping_status":"open","sticky":false,"template":"","format":"standard","meta":{"inline_featured_image":false},"categories":[2992,2996,2994,2993],"tags":[],"spitzmarke":[5414],"beitragstyp":[1321],"acf":[],"_links":{"self":[{"href":"https:\/\/www.swisscleantech.ch\/fr\/wp-json\/wp\/v2\/posts\/20319"}],"collection":[{"href":"https:\/\/www.swisscleantech.ch\/fr\/wp-json\/wp\/v2\/posts"}],"about":[{"href":"https:\/\/www.swisscleantech.ch\/fr\/wp-json\/wp\/v2\/types\/post"}],"author":[{"embeddable":true,"href":"https:\/\/www.swisscleantech.ch\/fr\/wp-json\/wp\/v2\/users\/1"}],"replies":[{"embeddable":true,"href":"https:\/\/www.swisscleantech.ch\/fr\/wp-json\/wp\/v2\/comments?post=20319"}],"version-history":[{"count":1,"href":"https:\/\/www.swisscleantech.ch\/fr\/wp-json\/wp\/v2\/posts\/20319\/revisions"}],"predecessor-version":[{"id":20321,"href":"https:\/\/www.swisscleantech.ch\/fr\/wp-json\/wp\/v2\/posts\/20319\/revisions\/20321"}],"wp:featuredmedia":[{"embeddable":true,"href":"https:\/\/www.swisscleantech.ch\/fr\/wp-json\/wp\/v2\/media\/20320"}],"wp:attachment":[{"href":"https:\/\/www.swisscleantech.ch\/fr\/wp-json\/wp\/v2\/media?parent=20319"}],"wp:term":[{"taxonomy":"category","embeddable":true,"href":"https:\/\/www.swisscleantech.ch\/fr\/wp-json\/wp\/v2\/categories?post=20319"},{"taxonomy":"post_tag","embeddable":true,"href":"https:\/\/www.swisscleantech.ch\/fr\/wp-json\/wp\/v2\/tags?post=20319"},{"taxonomy":"spitzmarke","embeddable":true,"href":"https:\/\/www.swisscleantech.ch\/fr\/wp-json\/wp\/v2\/spitzmarke?post=20319"},{"taxonomy":"beitragstyp","embeddable":true,"href":"https:\/\/www.swisscleantech.ch\/fr\/wp-json\/wp\/v2\/beitragstyp?post=20319"}],"curies":[{"name":"wp","href":"https:\/\/api.w.org\/{rel}","templated":true}]}}