{"id":25827,"date":"2023-05-11T14:29:00","date_gmt":"2023-05-11T14:29:00","guid":{"rendered":"https:\/\/www.swisscleantech.ch\/?p=25827"},"modified":"2023-05-17T16:02:33","modified_gmt":"2023-05-17T16:02:33","slug":"nos-adherents-sont-ils-satisfaits","status":"publish","type":"post","link":"https:\/\/www.swisscleantech.ch\/fr\/article\/nos-adherents-sont-ils-satisfaits\/","title":{"rendered":"Nos adh\u00e9rents sont-ils satisfaits ?"},"content":{"rendered":"\n<h3><strong>Satisfaction globale toujours \u00e9lev\u00e9e<\/strong><\/h3>\n<p>La satisfaction globale reste tr\u00e8s \u00e9lev\u00e9e cette ann\u00e9e encore. 97 % de nos adh\u00e9rents sont satisfaits ou tr\u00e8s satisfaits des activit\u00e9s de notre association.<\/p>\n<p><strong>Avez-vous \u00e9t\u00e9 satisfait de l\u2019association \u00e9conomique swisscleantech en 2022 ? <\/strong><\/p>\n\n\n\n<figure class=\"wp-block-image size-full\"><img decoding=\"async\" loading=\"lazy\" width=\"746\" height=\"172\" src=\"https:\/\/www.swisscleantech.ch\/files\/Mitgliederzufriedenheit-Grafiken-FR.png\" alt=\"\" class=\"wp-image-25833\" srcset=\"https:\/\/www.swisscleantech.ch\/files\/Mitgliederzufriedenheit-Grafiken-FR.png 746w, https:\/\/www.swisscleantech.ch\/files\/Mitgliederzufriedenheit-Grafiken-FR-300x69.png 300w\" sizes=\"(max-width: 746px) 100vw, 746px\" \/><\/figure>\n\n\n\n<div style=\"height:100px\" aria-hidden=\"true\" class=\"wp-block-spacer\"><\/div>\n\n\n\n<h3><strong>La repr\u00e9sentation politique et la mise en r\u00e9seau sont prioritaires et vont continuer d\u2019\u00eatre d\u00e9velopp\u00e9es<\/strong><\/h3>\n<p>Nos adh\u00e9rents veulent d\u2019abord que nous les repr\u00e9sentions au niveau politique. C\u2019est ce que nous faisons notamment au travers d\u2019une vaste campagne autour de la votation sur la loi climat du 18 juin prochain. En 2023, d\u2019autres th\u00e8mes vont \u00e9galement beaucoup nous occuper et exiger un travail important au niveau politique, notamment l\u2019acte modificateur unique (construction de nouvelles installations d\u2019\u00e9nergie renouvelable), la r\u00e9vision de la loi sur la protection de l\u2019environnement ou la r\u00e9vision de la loi sur le CO<sub>2<\/sub>.<\/p>\n<p>Le transfert de connaissances et la mise en r\u00e9seau sont \u00e9galement des raisons importantes motivant une adh\u00e9sion. Dans ces deux domaines, la satisfaction est \u00e9lev\u00e9e. En 2022, nous avons organis\u00e9 27 \u00e9v\u00e9nements pour nos adh\u00e9rents \u2013 environ 2000 repr\u00e9sentantes et repr\u00e9sentants de nos adh\u00e9rents y ont particip\u00e9. Cela a certainement contribu\u00e9 \u00e0 ce bon r\u00e9sultat.<\/p>\n<p>Malgr\u00e9 tout, nous am\u00e9liorons en permanence nos formats et nos activit\u00e9s et les proposons en visant des groupes cibles. \u00c0 l\u2019avenir, nous mettrons encore plus l\u2019accent sur l\u2019\u00e9change d\u2019exp\u00e9rience et continuerons de proposer des offres d\u2019assistance. Des formats d\u2019\u00e9change sont notamment pr\u00e9vus sur les \u00e9missions n\u00e9gatives, la logistique verte ou la durabilit\u00e9 dans les march\u00e9s publics. Nous apporterons aussi une assistance renforc\u00e9e \u00e0 nos adh\u00e9rents pour l\u2019\u00e9laboration de leurs objectifs climatiques et l\u2019\u00e9tablissement d\u2019un bilan climatique avec le <a href=\"https:\/\/www.swisscleantech.ch\/fr\/agenda\/klimabilanz-jetzt\/\">programme \u00ab Un bilan climatique maintenant \u00bb (en allemand)<\/a>.<\/p>\n<p>La possibilit\u00e9 pour les entreprises de se positionner avec des pr\u00e9occupations durables motive \u00e9galement l\u2019adh\u00e9sion \u00e0 swisscleantech, mais elle est encore trop peu utilis\u00e9e par de nombreux adh\u00e9rents. Sur cette question, nous vous apportons volontiers un soutien ou vous mettons en r\u00e9seau&nbsp;!<\/p>\n<p><strong>&nbsp;<\/strong><\/p>\n\n\n\n<div class=\"is-layout-flex wp-container-3 wp-block-columns\">\n<div class=\"is-layout-flow wp-block-column\">\n<p><strong>Quelle importance accordez-vous aux aspects suivants en lien avec votre adh\u00e9sion \u00e0 swisscleantech ?<\/strong><\/p>\n\n\n\n<figure class=\"wp-block-image size-full\"><img decoding=\"async\" loading=\"lazy\" width=\"373\" height=\"302\" src=\"https:\/\/www.swisscleantech.ch\/files\/Gruende-fuer-Mitgliedschaft.png\" alt=\"\" class=\"wp-image-25765\" srcset=\"https:\/\/www.swisscleantech.ch\/files\/Gruende-fuer-Mitgliedschaft.png 373w, https:\/\/www.swisscleantech.ch\/files\/Gruende-fuer-Mitgliedschaft-300x243.png 300w\" sizes=\"(max-width: 373px) 100vw, 373px\" \/><\/figure>\n<\/div>\n\n\n\n<div class=\"is-layout-flow wp-block-column\">\n<p><strong>Sur les aspects suivants, \u00eates-vous satisfait de votre adh\u00e9sion \u00e0 swisscleantech ?<\/strong><\/p>\n\n\n\n<figure class=\"wp-block-image size-full\"><img decoding=\"async\" loading=\"lazy\" width=\"372\" height=\"307\" src=\"https:\/\/www.swisscleantech.ch\/files\/Zufriedenheit-mit-Gruenden-zur-Mitgliedschaft.png\" alt=\"\" class=\"wp-image-25766\" srcset=\"https:\/\/www.swisscleantech.ch\/files\/Zufriedenheit-mit-Gruenden-zur-Mitgliedschaft.png 372w, https:\/\/www.swisscleantech.ch\/files\/Zufriedenheit-mit-Gruenden-zur-Mitgliedschaft-300x248.png 300w\" sizes=\"(max-width: 372px) 100vw, 372px\" \/><\/figure>\n<\/div>\n<\/div>\n\n\n\n<div style=\"height:100px\" aria-hidden=\"true\" class=\"wp-block-spacer\"><\/div>\n\n\n\n<h3><strong>Repr\u00e9sentation politique : la confiance, c\u2019est bien, la participation, c\u2019est mieux<\/strong><\/h3>\n<p>Le fait que swisscleantech participe \u00e0 l\u2019\u00e9laboration des conditions-cadre politiques au sens de la <a href=\"https:\/\/www.swisscleantech.ch\/fr\/swisscleantech-charte\/\">Charte<\/a> est l\u2019une des raisons principales de l\u2019adh\u00e9sion. 44&nbsp;% des adh\u00e9rents interrog\u00e9s appr\u00e9cient que swisscleantech assume ce travail. Environ 20&nbsp;% des adh\u00e9rents souhaiteraient s\u2019impliquer eux-m\u00eames dans les prises de position politiques.<\/p>\n<p>Nous pensons qu\u2019il est tr\u00e8s important de renforcer cette implication de nos adh\u00e9rents \u2013 d\u2019une part pour l\u00e9gitimer nos demandes de la fa\u00e7on la plus large possible, mais d\u2019autre part aussi pour profiter de l\u2019expertise de nos adh\u00e9rents. Nous continuerons donc de proposer \u00e0 l\u2019avenir des groupes th\u00e9matiques, par exemple pour \u00e9laborer des positions lors de consultations, et nous travaillerons aussi de plus en plus avec des enqu\u00eates pour permettre \u00e0 davantage d\u2019adh\u00e9rents de donner leur point de vue. C\u2019est ensuite le Comit\u00e9 directeur qui est responsable de l\u2019adoption des positions.<\/p>\n<p><strong>Souhaitez-vous vous impliquer plus activement dans les prises de position politiques de swisscleantech ?<\/strong><\/p>\n\n\n\n<figure class=\"wp-block-image size-full\"><img decoding=\"async\" loading=\"lazy\" width=\"746\" height=\"185\" src=\"https:\/\/www.swisscleantech.ch\/files\/Mitgliederzufriedenheit-Grafiken-FR2.png\" alt=\"\" class=\"wp-image-25834\" srcset=\"https:\/\/www.swisscleantech.ch\/files\/Mitgliederzufriedenheit-Grafiken-FR2.png 746w, https:\/\/www.swisscleantech.ch\/files\/Mitgliederzufriedenheit-Grafiken-FR2-300x74.png 300w, https:\/\/www.swisscleantech.ch\/files\/Mitgliederzufriedenheit-Grafiken-FR2-600x150.png 600w\" sizes=\"(max-width: 746px) 100vw, 746px\" \/><\/figure>\n\n\n\n<div style=\"height:100px\" aria-hidden=\"true\" class=\"wp-block-spacer\"><\/div>\n\n\n\n<h3><strong>Les adh\u00e9rents de swisscleantech se consid\u00e8rent comme des pr\u00e9curseurs dans leur branche<\/strong><\/h3>\n<p>En 2022, swisscleantech a \u00e9tendu la <a href=\"https:\/\/www.swisscleantech.ch\/fr\/swisscleantech-charte\/\">Charte de l\u2019association<\/a>. Le fait que les adh\u00e9rents se positionnent comme des pr\u00e9curseurs dans leur branche sur les th\u00e8mes climatique et \u00e9nerg\u00e9tique \u2013 ou, au moins, ont cette ambition et une d\u00e9marche active en ce sens \u2013 constitue un \u00e9l\u00e9ment important de la Charte. Nous observons avec plaisir que 68&nbsp;% de nos adh\u00e9rents se consid\u00e8rent comme des pr\u00e9curseurs. Les entreprises qui se consid\u00e8rent dans la moyenne de leur branche profitent de nos diff\u00e9rents formats d\u2019\u00e9changes d\u2019exp\u00e9rience o\u00f9 le focus est mis sur le \u00ab&nbsp;retour d\u2019exp\u00e9rience des pr\u00e9curseurs&nbsp;\u00bb.<\/p>\n<p><strong>Nous souhaiterions \u00e0 l\u2019avenir encore am\u00e9liorer le soutien que nous vous apportons. Comment jugez-vous votre propre action en mati\u00e8re de protection du climat, d\u2019\u00e9nergies renouvelables et d\u2019efficacit\u00e9 \u00e9nerg\u00e9tique par rapport aux autres entreprises de votre branche ?<\/strong><\/p>\n\n\n\n<figure class=\"wp-block-image size-full\"><img decoding=\"async\" loading=\"lazy\" width=\"746\" height=\"165\" src=\"https:\/\/www.swisscleantech.ch\/files\/Mitgliederzufriedenheit-Grafiken-FR3.png\" alt=\"\" class=\"wp-image-25835\" srcset=\"https:\/\/www.swisscleantech.ch\/files\/Mitgliederzufriedenheit-Grafiken-FR3.png 746w, https:\/\/www.swisscleantech.ch\/files\/Mitgliederzufriedenheit-Grafiken-FR3-300x66.png 300w\" sizes=\"(max-width: 746px) 100vw, 746px\" \/><\/figure>\n\n\n\n<div style=\"height:100px\" aria-hidden=\"true\" class=\"wp-block-spacer\"><\/div>\n\n\n\n<div class=\"is-layout-constrained wp-block-group superhero_first\"><div class=\"wp-block-group__inner-container\">\n<div class=\"is-layout-flex wp-container-6 wp-block-columns teasertext\">\n<div class=\"is-layout-flow wp-block-column\" style=\"flex-basis:80%\">\n<h3><strong>Des commentaires pr\u00e9cieux<\/strong><\/h3>\n\n\n\n<p>Wir haben zahlreiche wertvolle Kommentare erhalten und werden uns bei verschiedenen Teilnehmenden pers\u00f6nlich melden, um die individuellen Inputs zu besprechen.<\/p>\n<\/div>\n\n\n\n<div class=\"is-layout-flow wp-block-column\" style=\"flex-basis:20%\"><\/div>\n<\/div>\n\n\n\n<div class=\"is-layout-flex wp-container-12 wp-block-columns sh_einleitung_row2\">\n<div class=\"is-layout-flow wp-block-column\" style=\"flex-basis:80%\">\n<p>Nous avons re\u00e7u de nombreux et pr\u00e9cieux commentaires et nous contacterons personnellement diff\u00e9rents participants pour en discuter.<br>Les \u00e9changes personnels avec nos quelque 600 adh\u00e9rents nous tiennent particuli\u00e8rement \u00e0 c\u0153ur. Si tu as des questions ou des suggestions, n\u2019h\u00e9site pas \u00e0 me contacter.<\/p>\n<p>Nous f\u00e9licitons chaleureusement les gagnantes et gagnants du s\u00e9jour \u00e0 l\u2019h\u00f4tel et des trois bons restaurant et remercions une nouvelle fois notre adh\u00e9rent ZFV Unternehmungen pour son sponsoring.<\/p>\n<\/div>\n\n\n\n<div class=\"is-layout-flow wp-block-column sh_einleitung_col2\" style=\"flex-basis:20%\">\n<div class=\"is-vertical is-nowrap is-layout-flex wp-container-10 wp-block-group\">\n<figure class=\"wp-block-image size-full\"><img decoding=\"async\" loading=\"lazy\" width=\"400\" height=\"400\" src=\"https:\/\/www.swisscleantech.ch\/files\/Madeleine-Guyer.jpg\" alt=\"\" class=\"wp-image-23223\" srcset=\"https:\/\/www.swisscleantech.ch\/files\/Madeleine-Guyer.jpg 400w, https:\/\/www.swisscleantech.ch\/files\/Madeleine-Guyer-300x300.jpg 300w, https:\/\/www.swisscleantech.ch\/files\/Madeleine-Guyer-125x125.jpg 125w\" sizes=\"(max-width: 400px) 100vw, 400px\" \/><figcaption class=\"wp-element-caption\"> <\/figcaption><\/figure>\n\n\n\n\n\n<div class=\"is-layout-constrained wp-block-group\"><div class=\"wp-block-group__inner-container\">\n<p><strong>Madeleine Guyer<br><\/strong> <a href=\"mailto:madeleine.guyer@swisscleantech.ch\">Mail<\/a> | <a href=\"https:\/\/www.linkedin.com\/in\/madeleine-guyer-295ba410\/\" target=\"_blank\" rel=\"noopener\">LinkedIn<\/a><\/p>\n\n\n\n<p> <\/p>\n\n\n\n<div class=\"is-layout-flex wp-block-buttons\"><\/div>\n<\/div><\/div>\n<\/div>\n\n\n<\/div>\n<\/div>\n<\/div><\/div>\n","protected":false},"excerpt":{"rendered":"Gr\u00e2ce aux nombreux participants \u00e0 notre enqu\u00eate annuelle, nous avons pu nous faire une id\u00e9e plus pr\u00e9cise de la satisfaction de nos adh\u00e9rents et recueillir des informations int\u00e9ressantes pour la poursuite des activit\u00e9s de notre association. Principaux r\u00e9sultats de l\u2019enqu\u00eate :","protected":false},"author":1,"featured_media":25832,"comment_status":"open","ping_status":"open","sticky":false,"template":"","format":"standard","meta":{"inline_featured_image":false},"categories":[45],"tags":[],"spitzmarke":[],"beitragstyp":[1321],"acf":[],"_links":{"self":[{"href":"https:\/\/www.swisscleantech.ch\/fr\/wp-json\/wp\/v2\/posts\/25827"}],"collection":[{"href":"https:\/\/www.swisscleantech.ch\/fr\/wp-json\/wp\/v2\/posts"}],"about":[{"href":"https:\/\/www.swisscleantech.ch\/fr\/wp-json\/wp\/v2\/types\/post"}],"author":[{"embeddable":true,"href":"https:\/\/www.swisscleantech.ch\/fr\/wp-json\/wp\/v2\/users\/1"}],"replies":[{"embeddable":true,"href":"https:\/\/www.swisscleantech.ch\/fr\/wp-json\/wp\/v2\/comments?post=25827"}],"version-history":[{"count":3,"href":"https:\/\/www.swisscleantech.ch\/fr\/wp-json\/wp\/v2\/posts\/25827\/revisions"}],"predecessor-version":[{"id":25836,"href":"https:\/\/www.swisscleantech.ch\/fr\/wp-json\/wp\/v2\/posts\/25827\/revisions\/25836"}],"wp:featuredmedia":[{"embeddable":true,"href":"https:\/\/www.swisscleantech.ch\/fr\/wp-json\/wp\/v2\/media\/25832"}],"wp:attachment":[{"href":"https:\/\/www.swisscleantech.ch\/fr\/wp-json\/wp\/v2\/media?parent=25827"}],"wp:term":[{"taxonomy":"category","embeddable":true,"href":"https:\/\/www.swisscleantech.ch\/fr\/wp-json\/wp\/v2\/categories?post=25827"},{"taxonomy":"post_tag","embeddable":true,"href":"https:\/\/www.swisscleantech.ch\/fr\/wp-json\/wp\/v2\/tags?post=25827"},{"taxonomy":"spitzmarke","embeddable":true,"href":"https:\/\/www.swisscleantech.ch\/fr\/wp-json\/wp\/v2\/spitzmarke?post=25827"},{"taxonomy":"beitragstyp","embeddable":true,"href":"https:\/\/www.swisscleantech.ch\/fr\/wp-json\/wp\/v2\/beitragstyp?post=25827"}],"curies":[{"name":"wp","href":"https:\/\/api.w.org\/{rel}","templated":true}]}}