{"id":26476,"date":"2023-07-05T13:09:04","date_gmt":"2023-07-05T13:09:04","guid":{"rendered":"https:\/\/www.swisscleantech.ch\/?p=26476"},"modified":"2023-07-10T07:59:12","modified_gmt":"2023-07-10T07:59:12","slug":"cinq-etapes-vers-lobjectif-suisse-zero-emission-nette-le-vrai-travail-commence-maintenant","status":"publish","type":"post","link":"https:\/\/www.swisscleantech.ch\/fr\/article\/cinq-etapes-vers-lobjectif-suisse-zero-emission-nette-le-vrai-travail-commence-maintenant\/","title":{"rendered":"Cinq \u00e9tapes vers l\u2019objectif suisse z\u00e9ro \u00e9mission nette : le vrai travail commence maintenant !"},"content":{"rendered":"\n<p>Nous nous souviendrons longtemps du 18 juin 2023, une date m\u00e9morable pour l\u2019\u00e9conomie climat compatible lorsque le peuple suisse a dit clairement Oui \u00e0 la loi climat. Cela a notamment marqu\u00e9 la fin d\u2019une p\u00e9riode de campagne intensive au cours de laquelle nous avons consacr\u00e9 beaucoup de temps et de moyens pour d\u00e9fendre le Oui. Avec l\u2019inscription dans la loi de l\u2019objectif z\u00e9ro \u00e9mission nette pour la Suisse d\u2019ici 2050 ainsi que d\u2019autres objectifs interm\u00e9diaires, l\u2019un des objectifs majeurs de swisscleantech a \u00e9galement \u00e9t\u00e9 atteint. Mais pour nous comme pour la Suisse, le vrai travail pour r\u00e9aliser l\u2019objectif z\u00e9ro \u00e9mission nette ne fait que commencer.<\/p>\n<p>La mise en \u0153uvre politique et pratique comporte de nombreux d\u00e9fis, mais des solutions peuvent \u00eatre trouv\u00e9es. Il s\u2019agit maintenant de desserrer les freins politiques, \u00e9conomiques et sociaux. Pour cela, nous proposons les cinq \u00e9tapes suivantes&nbsp;:<\/p>\n<h3 style=\"color: #f73a3a; text-align: left;\"><strong><span style=\"font-size: 36pt;\">1.<\/span><\/strong><\/h3>\n<h3 style=\"text-align: left;\"><strong>Un vaste travail d\u2019information sur les mesures de politique climatique <\/strong><\/h3>\n<p>Apr\u00e8s le Non \u00e0 la r\u00e9vision totale de la loi sur le CO<sub>2<\/sub> \u00e0 l\u2019\u00e9t\u00e9 2021 et le rejet par le peuple suisse de mesures concr\u00e8tes de politique climatique d\u2019ici 2030, pr\u00e8s de 60&nbsp;% des votants ont maintenant dit Oui \u00e0 la loi climat, \u00e0 des objectifs de long terme et \u00e0 quelques instruments d\u2019encouragement. Mais il n\u2019en reste pas moins que 40&nbsp;% ont dit Non. Quelques cantons ont m\u00eame rejet\u00e9 le projet. Cela nous montre qu\u2019il demeure encore beaucoup scepticisme au sein de la population.<\/p>\n<p>Il est d\u2019ores et d\u00e9j\u00e0 \u00e9vident que nous continuerons de voter sur la politique climatique suisse dans les prochaines ann\u00e9es. La r\u00e9vision en cours de la loi sur le CO<sub>2<\/sub>, qui comporte des mesures plus concr\u00e8tes visant \u00e0 r\u00e9duire de moiti\u00e9 nos \u00e9missions de gaz \u00e0 effet de serre d\u2019ici 2030, pourrait \u00e9ventuellement faire l\u2019objet d\u2019un r\u00e9f\u00e9rendum. Pour que le peuple suisse dise Oui \u00e0 cette r\u00e9vision ou \u00e0 d\u2019autres projets de politique climatique, une campagne de plusieurs mois avant la votation ne suffit pas, il faut un travail d\u2019information constant, plus large, sur lequel une campagne pourra s\u2019appuyer. Les entreprises ont ici un r\u00f4le \u00e0 jouer&nbsp;: elles peuvent montrer de mani\u00e8re cr\u00e9dible comment des d\u00e9cisions politiques ont en pratique un impact positif sur la protection du climat \u2013 on citera notamment l\u2019\u00e9largissement des conventions d\u2019objectifs avec les entreprises, qui ont fait leurs preuves. Nous consid\u00e9rons que cela constitue aussi pour swisscleantech, en tant qu\u2019association \u00e9conomique, une mission pour mieux informer le public et montrer par exemple pourquoi nous avons besoin de taxes incitatives si nous voulons atteindre nos objectifs climatiques.<\/p>\n<h3 style=\"color: #f73a3a; text-align: left;\"><strong><span style=\"font-size: 36pt;\">2.<\/span><\/strong><\/h3>\n<h3 style=\"text-align: left;\"><strong>Extension des instruments existants de politique climatique<\/strong><\/h3>\n<p>Outre une meilleure compr\u00e9hension et une meilleure acceptation des mesures de politique climatique, il faut aussi une extension des instruments. Au Parlement, dans le cadre de la r\u00e9vision de la loi sur le CO<sub>2<\/sub> en cours de d\u00e9lib\u00e9ration, swisscleantech interviendra en faveur d\u2019un rel\u00e8vement des ambitions d\u2019ici 2030. Mais pour ne pas compromettre l\u2019objectif d\u2019une entr\u00e9e en vigueur \u00e0 partir de 2025, il faut d\u2019abord un projet susceptible de recueillir une majorit\u00e9, qui prolonge les mesures existantes, telle que la taxe sur le CO<sub>2<\/sub> sur les combustibles. C\u2019est ainsi que nous permettrons \u00e0 la Suisse de franchir une \u00e9tape importante sur la voie menant \u00e0 z\u00e9ro \u00e9mission nette. Les travaux relatifs \u00e0 un nouveau paquet de mesures de politique climatique avec des objectifs de mise en \u0153uvre d\u2019ici 2040 seront \u00e9galement bient\u00f4t entam\u00e9s. Dans ce domaine, swisscleantech d\u00e9fendra un mix de mesures \u00e9quilibr\u00e9 \u2013 nous citerons notamment les valeurs limites, les instruments incitatifs et d\u2019encouragement. Sinon, les objectifs \u00e0 long terme demeureront des v\u0153ux pieux. Nous consid\u00e9rons comme prioritaires des mesures plus avanc\u00e9es dans les secteurs du b\u00e2timent, des transports et des \u00e9missions n\u00e9gatives.<\/p>\n<h3 style=\"color: #f73a3a; text-align: left;\"><strong><span style=\"font-size: 36pt;\">3.<\/span><\/strong><\/h3>\n<h3 style=\"text-align: left;\"><strong>Un approvisionnement en \u00e9lectricit\u00e9 s\u00fbr gr\u00e2ce au d\u00e9veloppement des \u00e9nergies renouvelables<\/strong><\/h3>\n<p>La r\u00e9alisation de l\u2019objectif z\u00e9ro \u00e9mission nette passera in\u00e9vitablement par une large sortie des \u00e9nergies fossiles et une \u00e9lectrification accrue des b\u00e2timents et de la mobilit\u00e9. Cela n\u00e9cessitera un d\u00e9veloppement massif de la production d\u2019\u00e9lectricit\u00e9 en Suisse et des gains d\u2019efficacit\u00e9 importants. Les bases politiques seront cr\u00e9\u00e9es par l\u2019adoption de l\u2019acte modificateur unique pour le d\u00e9veloppement des \u00e9nergies renouvelables. swisscleantech interviendra afin que nous r\u00e9ussissions cette transformation en nous appuyant sur des solutions intelligentes et innovantes, notamment l\u2019utilisation de l\u2019e-mobilit\u00e9 comme agent de stockage ou l\u2019acc\u00e8s non discriminatoire et \u00e9quitable aux donn\u00e9es de mesure de l\u2019\u00e9lectricit\u00e9. Ce sont des conditions de base pour promouvoir des mod\u00e8les \u00e9conomiques innovants et une plus grande transparence dans le r\u00e9seau \u00e9lectrique.<\/p>\n<h3 style=\"color: #f73a3a; text-align: left;\"><strong><span style=\"font-size: 36pt;\">4.<\/span><\/strong><\/h3>\n<h3 style=\"text-align: left;\"><strong>\u00c9quilibre entre la protection de la biodiversit\u00e9 et l\u2019utilisation pour la production d\u2019\u00e9nergie<\/strong><\/h3>\n<p>Le n\u00e9cessaire d\u00e9veloppement de la production d\u2019\u00e9lectricit\u00e9 suisse avec des \u00e9nergies renouvelables ne sera possible que sur la base d\u2019un large consensus politique et social. Les objectifs de d\u00e9veloppement de 45 TWh d\u2019ici 2050 inscrits dans l\u2019acte modificateur unique ne seront cependant atteints que si nous trouvons un meilleur \u00e9quilibre entre la protection de la biodiversit\u00e9 et l\u2019utilisation pour la production d\u2019\u00e9lectricit\u00e9. Tant qu\u2019une petite minorit\u00e9, mais bruyante, bloquera pendant des ann\u00e9es, voire m\u00eame des d\u00e9cennies, l\u2019installation d\u2019\u00e9oliennes ou les extensions de centrales hydro\u00e9lectriques par des oppositions, il ne sera pas possible de d\u00e9velopper l\u2019approvisionnement en \u00e9nergie renouvelable. Mais celui-ci ne doit pas non plus se faire aux d\u00e9pens de la biodiversit\u00e9. C\u2019est la raison pour laquelle swisscleantech intervient afin que la pes\u00e9e des int\u00e9r\u00eats continue d\u2019\u00eatre garantie mais que les proc\u00e9dures soient acc\u00e9l\u00e9r\u00e9es.<\/p>\n<h3 style=\"color: #f73a3a; text-align: left;\"><strong><span style=\"font-size: 36pt;\">5.<\/span><\/strong><\/h3>\n<h3 style=\"text-align: left;\"><strong>Int\u00e9gration europ\u00e9enne plut\u00f4t que cavalier seul<\/strong><\/h3>\n<p>Dans les d\u00e9bats publics sur notre approvisionnement \u00e9nerg\u00e9tique, on oublie souvent que l\u2019int\u00e9gration europ\u00e9enne est une cl\u00e9 du bon fonctionnement de notre syst\u00e8me. Tout approvisionnement autarcique en \u00e9nergie et en \u00e9lectricit\u00e9 est une illusion et serait une absurdit\u00e9 totale sur le plan \u00e9conomique. Il est donc d\u2019autant plus important de mettre en place les bonnes conditions-cadre int\u00e9rieures et ext\u00e9rieures afin que la Suisse soit int\u00e9gr\u00e9e dans le march\u00e9 europ\u00e9en de l\u2019\u00e9lectricit\u00e9. Cela n\u00e9cessite un r\u00e8glement des questions institutionnelles avec l\u2019UE et une ouverture compl\u00e8te du march\u00e9 de l\u2019\u00e9lectricit\u00e9. S\u2019agissant de cette derni\u00e8re question, nous agirons afin qu\u2019elle demeure pr\u00e9sente \u00e0 l\u2019avenir dans le d\u00e9bat politique m\u00eame si elle a actuellement \u00e9t\u00e9 repouss\u00e9e aux calendes grecques.<\/p>\n<p>&nbsp;<\/p>\n<p>&nbsp;<\/p>\n<p>swisscleantech est optimiste quant au fait que ces d\u00e9fis pourront \u00eatre surmont\u00e9s. Notre association se mobilisera en ce sens, et notamment au sein de diverses alliances avec d\u2019autres acteurs.<\/p>\n\n\n","protected":false},"excerpt":{"rendered":"<p>Avec l\u2019acceptation de la loi climat et l\u2019inscription dans la loi de l\u2019objectif z\u00e9ro \u00e9mission nette pour la Suisse d\u2019ici 2050, l\u2019un des objectifs majeurs de swisscleantech a pu \u00eatre atteint. Mais pour nous comme pour la Suisse, le vrai travail pour atteindre l\u2019objectif z\u00e9ro \u00e9mission nette ne fait que commencer. Pour surmonter les diff\u00e9rents d\u00e9fis, nous devrons desserrer les freins politiques, \u00e9conomiques et sociaux et mettre enfin en \u0153uvre des mesures concr\u00e8tes.<\/p>\n","protected":false},"author":15,"featured_media":26477,"comment_status":"open","ping_status":"open","sticky":false,"template":"","format":"standard","meta":{"inline_featured_image":false},"categories":[2995,5469,2992,2988,2999,2987,2990,2997,2996,2989,3000],"tags":[],"spitzmarke":[],"beitragstyp":[1321],"acf":[],"_links":{"self":[{"href":"https:\/\/www.swisscleantech.ch\/fr\/wp-json\/wp\/v2\/posts\/26476"}],"collection":[{"href":"https:\/\/www.swisscleantech.ch\/fr\/wp-json\/wp\/v2\/posts"}],"about":[{"href":"https:\/\/www.swisscleantech.ch\/fr\/wp-json\/wp\/v2\/types\/post"}],"author":[{"embeddable":true,"href":"https:\/\/www.swisscleantech.ch\/fr\/wp-json\/wp\/v2\/users\/15"}],"replies":[{"embeddable":true,"href":"https:\/\/www.swisscleantech.ch\/fr\/wp-json\/wp\/v2\/comments?post=26476"}],"version-history":[{"count":2,"href":"https:\/\/www.swisscleantech.ch\/fr\/wp-json\/wp\/v2\/posts\/26476\/revisions"}],"predecessor-version":[{"id":26479,"href":"https:\/\/www.swisscleantech.ch\/fr\/wp-json\/wp\/v2\/posts\/26476\/revisions\/26479"}],"wp:featuredmedia":[{"embeddable":true,"href":"https:\/\/www.swisscleantech.ch\/fr\/wp-json\/wp\/v2\/media\/26477"}],"wp:attachment":[{"href":"https:\/\/www.swisscleantech.ch\/fr\/wp-json\/wp\/v2\/media?parent=26476"}],"wp:term":[{"taxonomy":"category","embeddable":true,"href":"https:\/\/www.swisscleantech.ch\/fr\/wp-json\/wp\/v2\/categories?post=26476"},{"taxonomy":"post_tag","embeddable":true,"href":"https:\/\/www.swisscleantech.ch\/fr\/wp-json\/wp\/v2\/tags?post=26476"},{"taxonomy":"spitzmarke","embeddable":true,"href":"https:\/\/www.swisscleantech.ch\/fr\/wp-json\/wp\/v2\/spitzmarke?post=26476"},{"taxonomy":"beitragstyp","embeddable":true,"href":"https:\/\/www.swisscleantech.ch\/fr\/wp-json\/wp\/v2\/beitragstyp?post=26476"}],"curies":[{"name":"wp","href":"https:\/\/api.w.org\/{rel}","templated":true}]}}