{"id":26828,"date":"2023-07-06T12:03:15","date_gmt":"2023-07-06T12:03:15","guid":{"rendered":"https:\/\/www.swisscleantech.ch\/?p=26828"},"modified":"2023-08-02T13:05:49","modified_gmt":"2023-08-02T13:05:49","slug":"sept-revendications-concernant-la-production-suisse-de-biogaz","status":"publish","type":"post","link":"https:\/\/www.swisscleantech.ch\/fr\/prise-de-position\/sept-revendications-concernant-la-production-suisse-de-biogaz\/","title":{"rendered":"<strong>Sept revendications concernant la production suisse de biogaz<\/strong>"},"content":{"rendered":"\n\n\n<p>Avec aeesuisse, Biomasse Suisse, Energie 360\u00b0, Energie Zukunft Schweiz, \u00d6kostrom Schweiz, Swisspower et l\u2019Association Suisse de l\u2019Industrie Gazi\u00e8re ASIG, nous formulons les revendications suivantes concernant les quantit\u00e9s de biogaz en Suisse et l\u2019importation de gaz renouvelables\u00a0:<\/p>\n<p>\u00a0<\/p>\n<h3 style=\"color: #f73a3a; text-align: left;\"><strong><span style=\"font-size: 36pt;\">1.<\/span><\/strong><\/h3>\n<h3><strong>Conformit\u00e9 avec la zone agricole<\/strong><\/h3>\n<p>\u00a0<\/p>\n<h3 style=\"color: #f73a3a; text-align: left;\"><strong><span style=\"font-size: 36pt;\">2.<\/span><\/strong><\/h3>\n<h3><strong>Rendre obligatoire l\u2019utilisation \u00e9nerg\u00e9tique et mat\u00e9rielle des d\u00e9chets organiques lorsque cela est techniquement possible et \u00e9conomiquement viable<\/strong><strong>.<\/strong><\/h3>\n<p>\u00a0<\/p>\n<h3 style=\"color: #f73a3a; text-align: left;\"><strong><span style=\"font-size: 36pt;\">3.<\/span><\/strong><\/h3>\n<h3><strong>D\u00e9finir des objectifs de d\u00e9veloppement contraignants et des compensations<\/strong><\/h3>\n<p>\u00a0<\/p>\n<h3 style=\"color: #f73a3a; text-align: left;\"><strong><span style=\"font-size: 36pt;\">4.<\/span><\/strong><\/h3>\n<h3><strong>Mise en \u0153uvre rapide du nouveau registre des gaz renouvelables (Pronovo)<\/strong><\/h3>\n<p>\u00a0<\/p>\n<h3 style=\"color: #f73a3a; text-align: left;\"><strong><span style=\"font-size: 36pt;\">5.<\/span><\/strong><\/h3>\n<h3><strong>Reconnaissance des importations de gaz renouvelables en provenance des autres pays europ\u00e9ens<\/strong><\/h3>\n<p>\u00a0<\/p>\n<h3 style=\"color: #f73a3a; text-align: left;\"><strong><span style=\"font-size: 36pt;\">6.<\/span><\/strong><\/h3>\n<h3><strong>Exon\u00e9ration ou remboursement de la taxe CO<sub>2<\/sub> sur les gaz renouvelables<\/strong><\/h3>\n<p>\u00a0<\/p>\n<h3 style=\"color: #f73a3a; text-align: left;\"><strong><span style=\"font-size: 36pt;\">7.<\/span><\/strong><\/h3>\n<h3><strong>Inscrire dans la loi le caract\u00e8re obligatoire des crit\u00e8res de qualit\u00e9 pour le biogaz import\u00e9<\/strong><\/h3>\n<p>\u00a0<\/p>\n\n\n\n<div class=\"is-layout-flex wp-block-buttons\">\n<div class=\"wp-block-button\"><a class=\"wp-block-button__link wp-element-button\" href=\"https:\/\/www.swisscleantech.ch\/files\/prise-de-position-sur-le-biogaz.pdf\">Prise de position<\/a><\/div>\n<\/div>\n","protected":false},"excerpt":{"rendered":"<p>Bien que la consommation de gaz diminue en Suisse, la demande devrait se maintenir \u00e0 long terme pour certaines applications (p. ex. dans l\u2019industrie). Afin de r\u00e9pondre \u00e0 cette demande de mani\u00e8re climatiquement neutre, il est n\u00e9cessaire d\u2019am\u00e9liorer les conditions-cadre pour la production nationale de biogaz et de reconna\u00eetre les gaz renouvelables import\u00e9s de l\u2019\u00e9tranger.<\/p>\n","protected":false},"author":14,"featured_media":26833,"comment_status":"open","ping_status":"open","sticky":false,"template":"","format":"standard","meta":{"inline_featured_image":false},"categories":[2987,2990,2989],"tags":[],"spitzmarke":[],"beitragstyp":[1318],"acf":[],"_links":{"self":[{"href":"https:\/\/www.swisscleantech.ch\/fr\/wp-json\/wp\/v2\/posts\/26828"}],"collection":[{"href":"https:\/\/www.swisscleantech.ch\/fr\/wp-json\/wp\/v2\/posts"}],"about":[{"href":"https:\/\/www.swisscleantech.ch\/fr\/wp-json\/wp\/v2\/types\/post"}],"author":[{"embeddable":true,"href":"https:\/\/www.swisscleantech.ch\/fr\/wp-json\/wp\/v2\/users\/14"}],"replies":[{"embeddable":true,"href":"https:\/\/www.swisscleantech.ch\/fr\/wp-json\/wp\/v2\/comments?post=26828"}],"version-history":[{"count":4,"href":"https:\/\/www.swisscleantech.ch\/fr\/wp-json\/wp\/v2\/posts\/26828\/revisions"}],"predecessor-version":[{"id":26837,"href":"https:\/\/www.swisscleantech.ch\/fr\/wp-json\/wp\/v2\/posts\/26828\/revisions\/26837"}],"wp:featuredmedia":[{"embeddable":true,"href":"https:\/\/www.swisscleantech.ch\/fr\/wp-json\/wp\/v2\/media\/26833"}],"wp:attachment":[{"href":"https:\/\/www.swisscleantech.ch\/fr\/wp-json\/wp\/v2\/media?parent=26828"}],"wp:term":[{"taxonomy":"category","embeddable":true,"href":"https:\/\/www.swisscleantech.ch\/fr\/wp-json\/wp\/v2\/categories?post=26828"},{"taxonomy":"post_tag","embeddable":true,"href":"https:\/\/www.swisscleantech.ch\/fr\/wp-json\/wp\/v2\/tags?post=26828"},{"taxonomy":"spitzmarke","embeddable":true,"href":"https:\/\/www.swisscleantech.ch\/fr\/wp-json\/wp\/v2\/spitzmarke?post=26828"},{"taxonomy":"beitragstyp","embeddable":true,"href":"https:\/\/www.swisscleantech.ch\/fr\/wp-json\/wp\/v2\/beitragstyp?post=26828"}],"curies":[{"name":"wp","href":"https:\/\/api.w.org\/{rel}","templated":true}]}}