{"id":30706,"date":"2024-05-02T14:04:45","date_gmt":"2024-05-02T14:04:45","guid":{"rendered":"https:\/\/www.swisscleantech.ch\/?p=30706"},"modified":"2026-01-14T17:05:20","modified_gmt":"2026-01-14T17:05:20","slug":"elimination-du-co2-lessentiel-en-bref","status":"publish","type":"post","link":"https:\/\/www.swisscleantech.ch\/fr\/publication\/elimination-du-co2-lessentiel-en-bref\/","title":{"rendered":"\u00c9limination du CO2 \u2013 l\u2019essentiel en bref"},"content":{"rendered":"\n<div class=\"is-layout-flex wp-container-2 wp-block-columns abstand_gross has-background\" style=\"background-color:#dde8d3\">\n<div class=\"is-layout-flow wp-block-column\">\n<p>L\u2019\u00e9limination du CO<sub>2<\/sub> (en anglais \u00abcarbon dioxide removal\u00bb ou CDR, et en fran\u00e7ais aussi \u00abtechnologies d\u2019\u00e9mission n\u00e9gative\u00bb ou NET) consiste \u00e0 extraire du CO<sub>2<\/sub> de l\u2019atmosph\u00e8re et \u00e0 le stocker de mani\u00e8re durable dans les sols, dans les sous-sols, dans les oc\u00e9ans ou dans certains produits. Ces m\u00e9thodes permettent de r\u00e9duire la quantit\u00e9 de CO<sub>2<\/sub> pr\u00e9sent dans l\u2019atmosph\u00e8re.<\/p>\n\n\n\n<h3>La compensation des \u00e9missions ne compte pas comme un moyen d\u2019\u00e9liminer du CO<sub>2<\/sub>:<\/h3>\n\n\n\n<p>Les projets de compensation classiques visent \u00e0 \u00e9viter ou \u00e0 diminuer les \u00e9missions de CO<sub>2<\/sub> provenant d\u2019une autre source. La compensation ne suffit pas \u00e0 atteindre l\u2019objectif z\u00e9ro \u00e9mission nette car les \u00e9missions r\u00e9siduelles ne sont pas \u00e9limin\u00e9es.<\/p>\n<\/div>\n<\/div>\n\n\n\n<figure class=\"wp-block-image size-large\"><img decoding=\"async\" loading=\"lazy\" width=\"1024\" height=\"855\" src=\"https:\/\/www.swisscleantech.ch\/files\/Compensation-classique-vs-elimination-du-co-deux-1024x855.png\" alt=\"\" class=\"wp-image-30712\" srcset=\"https:\/\/www.swisscleantech.ch\/files\/Compensation-classique-vs-elimination-du-co-deux-1024x855.png 1024w, https:\/\/www.swisscleantech.ch\/files\/Compensation-classique-vs-elimination-du-co-deux-300x250.png 300w, https:\/\/www.swisscleantech.ch\/files\/Compensation-classique-vs-elimination-du-co-deux-768x641.png 768w, https:\/\/www.swisscleantech.ch\/files\/Compensation-classique-vs-elimination-du-co-deux-1536x1282.png 1536w, https:\/\/www.swisscleantech.ch\/files\/Compensation-classique-vs-elimination-du-co-deux-2048x1710.png 2048w\" sizes=\"(max-width: 1024px) 100vw, 1024px\" \/><\/figure>\n\n\n\n<h3>\u00c9mergence d\u2019un nouveau march\u00e9 mondial se chiffrant en milliards<\/h3>\n\n\n\n<p><\/p>\n\n\n\n<div class=\"is-layout-flex wp-container-5 wp-block-columns\">\n<div class=\"is-layout-flow wp-block-column\">\n<p>\u00c0 l\u2019heure actuelle, le march\u00e9 de l\u2019\u00e9limination du CO<sub>2 <\/sub>n\u2019en est qu\u2019\u00e0 ses premiers pas. Une croissance exponentielle est imp\u00e9rative afin de disposer des capacit\u00e9s n\u00e9cessaires en temps voulu.<sup>1<\/sup><\/p>\n<\/div>\n\n\n\n<div class=\"is-layout-flow wp-block-column\">\n<figure class=\"wp-block-image size-large\"><img decoding=\"async\" loading=\"lazy\" width=\"1024\" height=\"859\" src=\"https:\/\/www.swisscleantech.ch\/files\/Marche-elimination-co-deux-1024x859.png\" alt=\"\" class=\"wp-image-30714\" srcset=\"https:\/\/www.swisscleantech.ch\/files\/Marche-elimination-co-deux-1024x859.png 1024w, https:\/\/www.swisscleantech.ch\/files\/Marche-elimination-co-deux-300x252.png 300w, https:\/\/www.swisscleantech.ch\/files\/Marche-elimination-co-deux-768x644.png 768w, https:\/\/www.swisscleantech.ch\/files\/Marche-elimination-co-deux-1536x1288.png 1536w, https:\/\/www.swisscleantech.ch\/files\/Marche-elimination-co-deux-2048x1718.png 2048w\" sizes=\"(max-width: 1024px) 100vw, 1024px\" \/><\/figure>\n<\/div>\n<\/div>\n\n\n\n<div class=\"is-layout-flex wp-container-7 wp-block-columns\">\n<div class=\"is-layout-flow wp-block-column abstand_gross has-background\" style=\"background-color:#dde8d3\">\n<p>Selon la m\u00e9thode et le prestataire, chaque tonne de CO<sub>2 <\/sub>\u00e9limin\u00e9e co\u00fbte aujourd\u2019hui entre 100 et &gt; 1000 dollars, soit un montant bien plus \u00e9lev\u00e9 que pour un certificat de compensation conventionnel. Avec un prix moyen \u00e0 long terme de 200 dollars par tonne de CO<sub>2<\/sub>, cela correspondrait \u00e0 un chiffre d\u2019affaires de 1300 milliards de dollars par an.<\/p>\n<\/div>\n<\/div>\n\n\n\n<h3>Quel r\u00f4le jouent les entreprises sur le march\u00e9 de l\u2019\u00e9limination du CO<sub>2<\/sub>?<\/h3>\n\n\n\n<ol>\n<li>S\u2019agissant des \u00e9missions difficilement \u00e9vitables, seule l\u2019\u00e9limination du CO<sub>2<\/sub> contribue \u00e0 atteindre l\u2019objectif z\u00e9ro \u00e9mission nette.<\/li>\n\n\n\n<li>Les projets d\u2019\u00e9limination de haute qualit\u00e9 limitent les risques de r\u00e9putation.<\/li>\n\n\n\n<li>Une entreprise peut m\u00eame d\u00e9cider d\u2019adopter une approche nette n\u00e9gative, \u00e9liminant ainsi les \u00e9missions qu\u2019elle a g\u00e9n\u00e9r\u00e9es par le pass\u00e9.<\/li>\n<\/ol>\n\n\n\n<h3>De quelle mani\u00e8re les entreprises peuvent-elles s\u2019engager?<\/h3>\n\n\n\n<div class=\"is-layout-flex wp-container-9 wp-block-columns\">\n<div class=\"is-layout-flow wp-block-column\">\n<p>Pour que la situation en mati\u00e8re d\u2019\u00e9limination du CO<sub>2<\/sub> puisse \u00e9voluer, il faut \u00e9galement que les prix baissent. Dans cette optique, les prestataires doivent pouvoir compter sur une plus grande base de client\u00e8le et sur une meilleure s\u00e9curit\u00e9 en termes d\u2019investissement. Les entreprises priv\u00e9es contribuent de mani\u00e8re significative \u00e0 l\u2019\u00e9limination du CO<sub>2<\/sub> tant au niveau de l\u2019offre que de la demande. Dans le cas o\u00f9 du CO<sub>2<\/sub> est g\u00e9n\u00e9r\u00e9 par la transformation de biomasse, il sera dor\u00e9navant possible de le capter, de le stocker et de vendre des certificats. Une entreprise peut aussi d\u00e9velopper ses propres projets, quel que soit son mod\u00e8le commercial. Aujourd\u2019hui, les entreprises qui ach\u00e8tent des certificats le font g\u00e9n\u00e9ralement avec l\u2019aide de conseils externes ou rejoignent un club d\u2019acheteurs existant (NextGen, Frontier).<\/p>\n<\/div>\n<\/div>\n\n\n\n<h3>Comment les entreprises s\u2019engagent d\u00e9j\u00e0 pour les NET<sup>2<\/sup><\/h3>\n\n\n\n<div class=\"is-layout-flex wp-container-12 wp-block-columns has-background\" style=\"background-color:#dde8d3\">\n<div class=\"is-layout-flow wp-block-column\" style=\"flex-basis:33.33%\"><div class=\"wp-block-image\">\n<figure class=\"aligncenter size-large\"><img decoding=\"async\" loading=\"lazy\" width=\"1024\" height=\"251\" src=\"https:\/\/www.swisscleantech.ch\/files\/Swiss-Re-Logo-fur-Kurzversion-White-Paper-COZwei-Entfernung.svg\" alt=\"\" class=\"wp-image-30647\"\/><\/figure><\/div><\/div>\n\n\n\n<div class=\"is-layout-flow wp-block-column\" style=\"flex-basis:66.66%\">\n<p>\u00abD\u2019ici 2030, les certificats CO<sub>2<\/sub> actuels seront progressivement remplac\u00e9s par des certificats d\u2019\u00e9limination du CO<sub>2<\/sub>, dont le financement sera assur\u00e9 par un prix interne du CO<sub>2<\/sub>. Swiss Re acquiert ces certificats aupr\u00e8s de partenaires strat\u00e9giques par le biais de contrats d\u2019achat \u00e0 long terme ou aupr\u00e8s du club d\u2019acheteurs NextGen, cofond\u00e9 par Swiss Re.\u00bb<\/p>\n<\/div>\n<\/div>\n\n\n\n<div class=\"is-layout-flex wp-container-15 wp-block-columns has-background\" style=\"background-color:#dde8d3\">\n<div class=\"is-layout-flow wp-block-column\" style=\"flex-basis:33.33%\"><div class=\"wp-block-image\">\n<figure class=\"aligncenter size-full\"><img decoding=\"async\" loading=\"lazy\" width=\"400\" height=\"400\" src=\"https:\/\/www.swisscleantech.ch\/files\/Logo-Die-Schweizerische-Post-fur-Kurzversion-White-Paper-COZwei-Entfernung.png\" alt=\"\" class=\"wp-image-30648\" srcset=\"https:\/\/www.swisscleantech.ch\/files\/Logo-Die-Schweizerische-Post-fur-Kurzversion-White-Paper-COZwei-Entfernung.png 400w, https:\/\/www.swisscleantech.ch\/files\/Logo-Die-Schweizerische-Post-fur-Kurzversion-White-Paper-COZwei-Entfernung-300x300.png 300w, https:\/\/www.swisscleantech.ch\/files\/Logo-Die-Schweizerische-Post-fur-Kurzversion-White-Paper-COZwei-Entfernung-125x125.png 125w\" sizes=\"(max-width: 400px) 100vw, 400px\" \/><\/figure><\/div><\/div>\n\n\n\n<div class=\"is-layout-flow wp-block-column\" style=\"flex-basis:66.66%\">\n<p>\u00abPoste CDR SA a \u00e9t\u00e9 cr\u00e9\u00e9e en ao\u00fbt 2022 dans le but de constituer un portefeuille de neutralisation. La Poste a opt\u00e9 pour une \u2039make strategy\u203a orient\u00e9e initialement sur les Nature-based Solutions (NBS) (\u2026). Dans le m\u00eame temps, la Poste int\u00e8gre aussi dans son portefeuille des solutions CDR bas\u00e9es sur la technologie afin de promouvoir leur d\u00e9veloppement et leur utilisation, en particulier en Suisse.\u00bb<\/p>\n<\/div>\n<\/div>\n\n\n\n<div class=\"is-layout-flex wp-container-18 wp-block-columns has-background\" style=\"background-color:#dde8d3\">\n<div class=\"is-layout-flow wp-block-column\" style=\"flex-basis:33.33%\"><div class=\"wp-block-image\">\n<figure class=\"aligncenter size-large\"><img decoding=\"async\" loading=\"lazy\" width=\"1000\" height=\"758\" src=\"https:\/\/www.swisscleantech.ch\/files\/PwC-Logo-fur-Kurzversion-White-Paper-COZwei-Entfernung.svg\" alt=\"\" class=\"wp-image-30646\"\/><\/figure><\/div><\/div>\n\n\n\n<div class=\"is-layout-flow wp-block-column\" style=\"flex-basis:66.66%\">\n<p>\u00ab(\u2026) Par ailleurs, nous neutralisons actuellement nos \u00e9missions r\u00e9siduelles, et continuerons de le faire \u00e0 l\u2019avenir (\u2026). D\u2019ici 2030, nous passerons exclusivement \u00e0 des projets d\u2019\u00e9limination du CO<sub>2<\/sub>. \u00c0 cet effet, nous avons d\u00e9j\u00e0 sign\u00e9 un contrat de services en Suisse avec Climeworks, qui se chargera pour notre compte d\u2019extraire des \u00e9missions de l\u2019atmosph\u00e8re jusqu\u2019en 2030.\u00bb<\/p>\n<\/div>\n<\/div>\n\n\n\n<div style=\"height:40px\" aria-hidden=\"true\" class=\"wp-block-spacer\"><\/div>\n\n\n\n<h3>Les technologies principales<\/h3>\n\n\n\n<p>L\u2019\u00e9limination du CO<sub>2<\/sub> comporte plusieurs \u00e9tapes: extraction dans l\u2019air, traitement, transport et stockage. Pour toutes ces \u00e9tapes, il existe aujourd\u2019hui des solutions techniques, mais aussi des d\u00e9fis \u00e0 relever. En Suisse, les solutions permettant de stocker le CO<sub>2<\/sub> sont limit\u00e9es. C\u2019est pourquoi il est primordial de collaborer avec d\u2019autres pays.<\/p>\n\n\n\n<figure class=\"wp-block-image size-large\"><img decoding=\"async\" loading=\"lazy\" width=\"1024\" height=\"799\" src=\"https:\/\/www.swisscleantech.ch\/files\/les-technologies-principales-elimination-co-deux-1024x799.png\" alt=\"\" class=\"wp-image-30715\" srcset=\"https:\/\/www.swisscleantech.ch\/files\/les-technologies-principales-elimination-co-deux-1024x799.png 1024w, https:\/\/www.swisscleantech.ch\/files\/les-technologies-principales-elimination-co-deux-300x234.png 300w, https:\/\/www.swisscleantech.ch\/files\/les-technologies-principales-elimination-co-deux-768x599.png 768w, https:\/\/www.swisscleantech.ch\/files\/les-technologies-principales-elimination-co-deux-1536x1198.png 1536w, https:\/\/www.swisscleantech.ch\/files\/les-technologies-principales-elimination-co-deux-2048x1597.png 2048w\" sizes=\"(max-width: 1024px) 100vw, 1024px\" \/><\/figure>\n\n\n\n<div style=\"height:40px\" aria-hidden=\"true\" class=\"wp-block-spacer\"><\/div>\n\n\n\n<figure class=\"wp-block-image size-large\"><img decoding=\"async\" loading=\"lazy\" width=\"1024\" height=\"172\" src=\"https:\/\/www.swisscleantech.ch\/files\/Comparaison-elimination-co-deux-1024x172.png\" alt=\"\" class=\"wp-image-30716\" srcset=\"https:\/\/www.swisscleantech.ch\/files\/Comparaison-elimination-co-deux-1024x172.png 1024w, https:\/\/www.swisscleantech.ch\/files\/Comparaison-elimination-co-deux-300x50.png 300w, https:\/\/www.swisscleantech.ch\/files\/Comparaison-elimination-co-deux-768x129.png 768w, https:\/\/www.swisscleantech.ch\/files\/Comparaison-elimination-co-deux-1536x258.png 1536w, https:\/\/www.swisscleantech.ch\/files\/Comparaison-elimination-co-deux-2048x344.png 2048w\" sizes=\"(max-width: 1024px) 100vw, 1024px\" \/><\/figure>\n\n\n\n<div style=\"height:40px\" aria-hidden=\"true\" class=\"wp-block-spacer\"><\/div>\n\n\n\n<h3>Quatre \u00e9tapes cl\u00e9s pour l\u2019avenir<\/h3>\n\n\n\n<div class=\"is-layout-flex wp-container-21 wp-block-columns\">\n<div class=\"is-layout-flow wp-block-column\" style=\"flex-basis:15%\">\n<figure class=\"wp-block-image size-full is-resized\"><img decoding=\"async\" loading=\"lazy\" src=\"https:\/\/www.swisscleantech.ch\/files\/Regulatorische-Huerden-vermindern.png\" alt=\"\" class=\"wp-image-30660\" width=\"100\" height=\"100\" srcset=\"https:\/\/www.swisscleantech.ch\/files\/Regulatorische-Huerden-vermindern.png 400w, https:\/\/www.swisscleantech.ch\/files\/Regulatorische-Huerden-vermindern-300x300.png 300w, https:\/\/www.swisscleantech.ch\/files\/Regulatorische-Huerden-vermindern-125x125.png 125w\" sizes=\"(max-width: 100px) 100vw, 100px\" \/><\/figure>\n<\/div>\n\n\n\n<div class=\"is-layout-flow wp-block-column\" style=\"flex-basis:66.66%\">\n<h4><strong>R\u00e9duire les obstacles r\u00e9glementaires<\/strong><\/h4>\n\n\n\n<ul>\n<li>Les exigences r\u00e9glementaires doivent \u00eatre clarifi\u00e9es. Des normes de qualit\u00e9 claires et internationalement approuv\u00e9es sont n\u00e9cessaires pour l\u2019ensemble de la cha\u00eene de production.<\/li>\n<\/ul>\n\n\n<\/div>\n<\/div>\n\n\n\n<div class=\"is-layout-flex wp-container-24 wp-block-columns\">\n<div class=\"is-layout-flow wp-block-column\" style=\"flex-basis:15%\">\n<figure class=\"wp-block-image size-full is-resized\"><img decoding=\"async\" loading=\"lazy\" src=\"https:\/\/www.swisscleantech.ch\/files\/Forderung-der-heimischen-COZwei-Entfernungswirtschaft.png\" alt=\"\" class=\"wp-image-30681\" width=\"100\" height=\"100\" srcset=\"https:\/\/www.swisscleantech.ch\/files\/Forderung-der-heimischen-COZwei-Entfernungswirtschaft.png 400w, https:\/\/www.swisscleantech.ch\/files\/Forderung-der-heimischen-COZwei-Entfernungswirtschaft-300x300.png 300w, https:\/\/www.swisscleantech.ch\/files\/Forderung-der-heimischen-COZwei-Entfernungswirtschaft-125x125.png 125w\" sizes=\"(max-width: 100px) 100vw, 100px\" \/><\/figure>\n<\/div>\n\n\n\n<div class=\"is-layout-flow wp-block-column\" style=\"flex-basis:66.66%\">\n<h4><strong>Promouvoir le march\u00e9 national de l\u2019\u00e9limination du CO<sub>2<\/sub> selon deux axes principaux<\/strong><\/h4>\n\n\n\n<ul>\n<li>Solutions naturelles reposant sur une exploitation foresti\u00e8re durable, comme le charbon v\u00e9g\u00e9tal ou les produits durables \u00e0 base de bois.<\/li>\n\n\n\n<li>L\u2019incin\u00e9ration des d\u00e9chets et la production de ciment sont des sources importantes d\u2019\u00e9mission de CO<sub>2<\/sub>. Le fait de capter et de stocker ce CO<sub>2<\/sub> g\u00e9n\u00e8re des \u00e9missions n\u00e9gatives gr\u00e2ce \u00e0 la part de combustible biog\u00e8ne et favorise l\u2019infrastructure n\u00e9cessaire \u00e0 l\u2019\u00e9limination du CO<sub>2<\/sub>.<\/li>\n<\/ul>\n\n\n<\/div>\n<\/div>\n\n\n\n<div class=\"is-layout-flex wp-container-27 wp-block-columns\">\n<div class=\"is-layout-flow wp-block-column\" style=\"flex-basis:15%\">\n<figure class=\"wp-block-image size-full is-resized\"><img decoding=\"async\" loading=\"lazy\" src=\"https:\/\/www.swisscleantech.ch\/files\/Anbindung-an-die-internationale-Transport-und-Speicherinfrastruktur.png\" alt=\"\" class=\"wp-image-30675\" width=\"100\" height=\"100\" srcset=\"https:\/\/www.swisscleantech.ch\/files\/Anbindung-an-die-internationale-Transport-und-Speicherinfrastruktur.png 400w, https:\/\/www.swisscleantech.ch\/files\/Anbindung-an-die-internationale-Transport-und-Speicherinfrastruktur-300x300.png 300w, https:\/\/www.swisscleantech.ch\/files\/Anbindung-an-die-internationale-Transport-und-Speicherinfrastruktur-125x125.png 125w\" sizes=\"(max-width: 100px) 100vw, 100px\" \/><\/figure>\n<\/div>\n\n\n\n<div class=\"is-layout-flow wp-block-column\" style=\"flex-basis:66.66%\">\n<h4><strong>Se raccorder \u00e0 l\u2019infrastructure de transport et de stockage internationale<\/strong><\/h4>\n\n\n\n<ul>\n<li>Pour cela, il faut disposer de projets concrets ainsi que d\u2019accords internationaux et de r\u00e8gles claires en mati\u00e8re d\u2019imputabilit\u00e9.<\/li>\n<\/ul>\n\n\n<\/div>\n<\/div>\n\n\n\n<div class=\"is-layout-flex wp-container-30 wp-block-columns\">\n<div class=\"is-layout-flow wp-block-column\" style=\"flex-basis:15%\">\n<figure class=\"wp-block-image size-full is-resized\"><img decoding=\"async\" loading=\"lazy\" src=\"https:\/\/www.swisscleantech.ch\/files\/Anreize-Verursacherprinzip.png\" alt=\"\" class=\"wp-image-30682\" width=\"100\" height=\"100\" srcset=\"https:\/\/www.swisscleantech.ch\/files\/Anreize-Verursacherprinzip.png 400w, https:\/\/www.swisscleantech.ch\/files\/Anreize-Verursacherprinzip-300x300.png 300w, https:\/\/www.swisscleantech.ch\/files\/Anreize-Verursacherprinzip-125x125.png 125w\" sizes=\"(max-width: 100px) 100vw, 100px\" \/><\/figure>\n<\/div>\n\n\n\n<div class=\"is-layout-flow wp-block-column\" style=\"flex-basis:66.66%\">\n<h4><strong>Cr\u00e9er des incitations \u00e9conomiques: introduction du principe de la causalit\u00e9<\/strong><\/h4>\n\n\n\n<ul>\n<li>Le prix du CO<sub>2<\/sub> doit refl\u00e9ter les co\u00fbts externes.<\/li>\n\n\n\n<li>L\u2019\u00e9limination du CO<sub>2<\/sub> doit \u00eatre prise en compte dans l\u2019\u00e9change de quotas d\u2019\u00e9mission.<\/li>\n<\/ul>\n\n\n<\/div>\n<\/div>\n\n\n\n<div class=\"is-layout-flex wp-block-buttons\">\n<div class=\"wp-block-button\"><a class=\"wp-block-button__link wp-element-button\" href=\"https:\/\/www.swisscleantech.ch\/files\/swisscleantech-White-Paper-CO%3Csub%3E2%3C\/sub%3E-Entfernung.pdf\">Livre blanc sur l\u2019\u00e9limination du CO<sub>2<\/sub> (PDF en allemand)<\/a><\/div>\n<\/div>\n\n\n\n<div style=\"height:40px\" aria-hidden=\"true\" class=\"wp-block-spacer\"><\/div>\n\n\n\n<p><sup><sup>1<\/sup> <\/sup>2050: calcul selon le sc\u00e9nario de 1,5 degr\u00e9 du GIEC, 2021: voir <a href=\"https:\/\/www.cdr.fyi\/\" target=\"_blank\" rel=\"noopener\">cdr.fy<\/a><sup>.<\/sup><\/p>\n\n\n\n<p><sup>2<\/sup> Toutes les entreprises mentionn\u00e9es ont un objectif de z\u00e9ro \u00e9mission nette ainsi que des objectifs interm\u00e9diaires. Elles n\u2019ont recours \u00e0 l\u2019\u00e9limination du CO<sub>2<\/sub>que pour supprimer leurs \u00e9missions r\u00e9siduelles difficilement \u00e9vitables. Nous ne faisons pas ici la promotion des partenaires\/entreprises cit\u00e9s.<\/p>\n\n\n\n<p><sup>3<\/sup> Carbon Capture &amp; Storage<\/p>\n\n\n\n<p><sup>4 <\/sup>voir <a href=\"https:\/\/www.cdr.fyi\/\" target=\"_blank\" rel=\"noopener\">cdr.fy<\/a>. La quantit\u00e9 de donn\u00e9es disponibles actuellement est toutefois insuffisante. En cons\u00e9quence, la fourchette de prix est \u00e9lev\u00e9e.<\/p>\n","protected":false},"excerpt":{"rendered":"<p>Pour juguler le changement climatique, il faut r\u00e9duire les \u00e9missions de gaz \u00e0 effet de serre au niveau mondial \u00e0 z\u00e9ro \u00e9mission nette. En Suisse, il est pr\u00e9vu d\u2019atteindre cet objectif d\u2019ici 2050. Les \u00e9missions r\u00e9siduelles qui ne peuvent pas \u00eatre supprim\u00e9es doivent \u00eatre \u00e9limin\u00e9es en retirant du CO<sub>2<\/sub> de l\u2019atmosph\u00e8re.<\/p>\n","protected":false},"author":15,"featured_media":30707,"comment_status":"open","ping_status":"open","sticky":false,"template":"","format":"standard","meta":{"inline_featured_image":false},"categories":[2983,2992,5506],"tags":[],"spitzmarke":[],"beitragstyp":[1319],"acf":[],"_links":{"self":[{"href":"https:\/\/www.swisscleantech.ch\/fr\/wp-json\/wp\/v2\/posts\/30706"}],"collection":[{"href":"https:\/\/www.swisscleantech.ch\/fr\/wp-json\/wp\/v2\/posts"}],"about":[{"href":"https:\/\/www.swisscleantech.ch\/fr\/wp-json\/wp\/v2\/types\/post"}],"author":[{"embeddable":true,"href":"https:\/\/www.swisscleantech.ch\/fr\/wp-json\/wp\/v2\/users\/15"}],"replies":[{"embeddable":true,"href":"https:\/\/www.swisscleantech.ch\/fr\/wp-json\/wp\/v2\/comments?post=30706"}],"version-history":[{"count":6,"href":"https:\/\/www.swisscleantech.ch\/fr\/wp-json\/wp\/v2\/posts\/30706\/revisions"}],"predecessor-version":[{"id":30733,"href":"https:\/\/www.swisscleantech.ch\/fr\/wp-json\/wp\/v2\/posts\/30706\/revisions\/30733"}],"wp:featuredmedia":[{"embeddable":true,"href":"https:\/\/www.swisscleantech.ch\/fr\/wp-json\/wp\/v2\/media\/30707"}],"wp:attachment":[{"href":"https:\/\/www.swisscleantech.ch\/fr\/wp-json\/wp\/v2\/media?parent=30706"}],"wp:term":[{"taxonomy":"category","embeddable":true,"href":"https:\/\/www.swisscleantech.ch\/fr\/wp-json\/wp\/v2\/categories?post=30706"},{"taxonomy":"post_tag","embeddable":true,"href":"https:\/\/www.swisscleantech.ch\/fr\/wp-json\/wp\/v2\/tags?post=30706"},{"taxonomy":"spitzmarke","embeddable":true,"href":"https:\/\/www.swisscleantech.ch\/fr\/wp-json\/wp\/v2\/spitzmarke?post=30706"},{"taxonomy":"beitragstyp","embeddable":true,"href":"https:\/\/www.swisscleantech.ch\/fr\/wp-json\/wp\/v2\/beitragstyp?post=30706"}],"curies":[{"name":"wp","href":"https:\/\/api.w.org\/{rel}","templated":true}]}}