{"id":33867,"date":"2025-03-31T20:35:45","date_gmt":"2025-03-31T20:35:45","guid":{"rendered":"https:\/\/www.swisscleantech.ch\/?p=33867"},"modified":"2025-04-01T13:35:06","modified_gmt":"2025-04-01T13:35:06","slug":"renforcement-du-comite-directeur-de-swisscleantech-grace-a-larrivee-de-nouveaux-membres-eminents","status":"publish","type":"post","link":"https:\/\/www.swisscleantech.ch\/fr\/communique-presse\/renforcement-du-comite-directeur-de-swisscleantech-grace-a-larrivee-de-nouveaux-membres-eminents\/","title":{"rendered":"Renforcement du Comit\u00e9 directeur de swisscleantech gr\u00e2ce \u00e0 l\u2019arriv\u00e9e de nouveaux membres \u00e9minents"},"content":{"rendered":"\n<p>Au cours de l\u2019Assembl\u00e9e g\u00e9n\u00e9rale, les deux co-pr\u00e9sidents, Fabian Etter, propri\u00e9taire d\u2019Etter Advice, et Marcel Winter, CEO Groupe AFRY Suisse, ont fait le bilan d\u2019une ann\u00e9e durant laquelle les r\u00e9ussites ont \u00e9t\u00e9 nombreuses. Marcel Winter a soulign\u00e9 la croissance remarquable du nombre d\u2019adh\u00e9rents : 75 nouvelles entreprises de toutes les branches ont adh\u00e9r\u00e9 \u00e0 l\u2019association l\u2019an dernier, notamment BKW Buildings Solutions, Coop\u00e9rative des entreprises ZFV, Sika, AXA Suisse, Groupe Emmi, Flughafen Z\u00fcrich AG, et \u00e9galement de nombreuses startups innovantes comme Climeworks. Cette croissance donne encore plus de poids \u00e0 l\u2019action et aux demandes formul\u00e9es par swisscleantech. \u00bb En rejoignant l\u2019association, tous ces nouveaux adh\u00e9rents s\u2019engagent \u00e0 mettre en \u0153uvre des objectifs climatiques ambitieux conform\u00e9ment \u00e0 la Charte de swisscleantech, \u00e0 montrer l\u2019exemple au sein de leur branche et \u00e0 exploiter les opportunit\u00e9s d\u2019activit\u00e9 qui s\u2019y rattachent.<\/p>\n\n\n\n<h2>Une voix majeure de la politique \u00e9nerg\u00e9tique et climatique<\/h2>\n\n\n\n<p>L\u2019an dernier, l\u2019association a \u00e9galement particip\u00e9 \u00e0 l\u2019\u00e9laboration de diff\u00e9rents objets de politique \u00e9nerg\u00e9tique et climatique. Citons par exemple la loi sur l\u2019\u00e9lectricit\u00e9 qui a \u00e9t\u00e9 largement accept\u00e9e par la population avec pr\u00e8s de 70% et constitue un mandat pour d\u00e9velopper rapidement les \u00e9nergies renouvelables. Les d\u00e9lib\u00e9rations au Parlement concernant la r\u00e9serve d\u2019\u00e9lectricit\u00e9 ont aussi \u00e9t\u00e9 positives, diff\u00e9rentes demandes de l\u2019association ont \u00e9t\u00e9 reprises, notamment une plus grande utilisation des infrastructures existantes comme les groupes \u00e9lectrog\u00e8nes de secours. L\u2019offre de services \u00e0 l\u2019attention des adh\u00e9rents s\u2019est \u00e9galement \u00e9toff\u00e9e : le nouveau format d\u2019\u00e9v\u00e9nement s\u2019adressant aux responsables durabilit\u00e9, le guide IA pour atteindre les objectifs climatiques et plus de 30 \u00e9v\u00e9nements pour les adh\u00e9rents autour du climat et de l\u2019\u00e9nergie n\u2019en sont que quelques exemples.<\/p>\n\n\n\n<h2>\u00c9largissement du Comit\u00e9 directeur pour repr\u00e9senter la base d\u2019adh\u00e9rents en forte croissance<\/h2>\n\n\n\n<p>Pour mieux repr\u00e9senter la base d\u2019adh\u00e9rents en forte croissance et renforcer le Comit\u00e9 directeur, l\u2019Assembl\u00e9e g\u00e9n\u00e9rale de swisscleantech a approuv\u00e9 l\u2019\u00e9largissement du Comit\u00e9 directeur \u00e0 l\u2019unanimit\u00e9. L\u2019\u00e9lection de Pouyan Dardashti (CEO, Thommen Group), Andr\u00e9 Fl\u00fcckiger (CEO eicher+pauli), Bastien Girod (associ\u00e9 Deloitte), Antje Kanngiesser (CEO Alpiq) et Urs Neuhauser (CEO Griesser Group) permet \u00e0 des personnalit\u00e9s des milieux \u00e9conomiques de rejoindre le Comit\u00e9 et de lui apporter leurs comp\u00e9tences et leur expertise dans des domaines essentiels pour swisscleantech, notamment le march\u00e9 de l\u2019\u00e9lectricit\u00e9, l\u2019\u00e9conomie circulaire, les proc\u00e9d\u00e9s industriels et l\u2019approvisionnement en chaleur.<\/p>\n\n\n\n<p>Ont \u00e9t\u00e9 r\u00e9\u00e9lus, les anciens membres du Comit\u00e9 directeur Carsten Bopp (Group CEO B + G Suisse&nbsp; SA), Dr. Barbara Dubach (directrice engageability &amp; Innovate 4 Nature), Daniel Eugster (propri\u00e9taire &amp; directeur Haustechnik Eugster AG), Marco Grossmann (membre du conseil d\u2019administration ecos, Senior Consultant climat &amp; \u00e9conomie circulaire), Dr. Cornelia Luchsinger (Key Account Manager Z\u00fcrcher Kantonalbank), Christian Petit (fondateur et g\u00e9rant Advisum Consulte sarl), Gerd Scheller (Country CEO Siemens Suisse) et Susanne Vincenz-Stauffacher (conseill\u00e8re nationale PLR). Fabian Etter et Marcel Winter ont \u00e9galement \u00e9t\u00e9 r\u00e9\u00e9lus co-pr\u00e9sidents \u00e0 l\u2019unanimit\u00e9.<\/p>\n\n\n\n<p>\u00ab Vu l\u2019environnement difficile pour l\u2019objectif z\u00e9ro net, la voix de swisscleantech est plus importante que jamais. Avec cette \u00e9quipe du Comit\u00e9 directeur qui assure une large repr\u00e9sentation des entreprises, nous sommes id\u00e9alement plac\u00e9s pour continuer \u00e0 faire progresser l\u2019\u00e9conomie climat compatible. Nous visons toujours \u00e0 montrer comment l\u2019objectif z\u00e9ro net et la comp\u00e9titivit\u00e9 \u00e9conomique vont de pair \u00bb, explique le co-pr\u00e9sident Fabian Etter.<\/p>\n\n\n\n<h2>\u00c9viter des reculs dans la politique climatique, renforcer l\u2019\u00e9conomie circulaire<\/h2>\n\n\n\n<p>Michael Mandl, co-directeur de swisscleantech, a pr\u00e9sent\u00e9 les priorit\u00e9s de l\u2019association pour 2025 : d\u2019une part, il faut \u00e9viter tout recul dans la politique climatique, par exemple en d\u00e9fendant la poursuite du Programme B\u00e2timents. D\u2019autre part, il est essentiel d\u2019acc\u00e9l\u00e9rer la construction de nouvelles capacit\u00e9s de production d\u2019\u00e9nergies renouvelables. C\u2019est la raison pour laquelle swisscleantech d\u00e9fendra l\u2019adoption par une majorit\u00e9 du projet de loi pour l\u2019acc\u00e9l\u00e9ration des proc\u00e9dures.<\/p>\n\n\n\n<p>En plus des priorit\u00e9s politiques, swisscleantech se concentrera sur le renforcement des mod\u00e8les \u00e9conomiques circulaires. Les adh\u00e9rents de swisscleantech b\u00e9n\u00e9ficient d\u00e9sormais de services de coaching gratuits pour rendre leur business model plus circulaire. Cela est essentiel pour atteindre l\u2019objectif z\u00e9ro net d\u2019ici 2050, mais \u00e9galement pour s\u00e9curiser l\u2019approvisionnement en mati\u00e8res premi\u00e8res, rendre les cha\u00eenes d\u2019approvisionnement plus r\u00e9silientes et renforcer l\u2019\u00e9conomie de mani\u00e8re durable.<\/p>\n\n\n\n<figure class=\"is-layout-flex wp-block-gallery-1 wp-block-gallery has-nested-images columns-default is-cropped\">\n<figure class=\"wp-block-image size-large\"><a href=\"https:\/\/www.swisscleantech.ch\/files\/2.jpg\"><img decoding=\"async\" loading=\"lazy\" width=\"683\" height=\"1024\" data-id=\"33879\"  src=\"https:\/\/www.swisscleantech.ch\/files\/2-683x1024.jpg\" alt=\"\" class=\"wp-image-33879\" srcset=\"https:\/\/www.swisscleantech.ch\/files\/2-683x1024.jpg 683w, https:\/\/www.swisscleantech.ch\/files\/2-200x300.jpg 200w, https:\/\/www.swisscleantech.ch\/files\/2-768x1152.jpg 768w, https:\/\/www.swisscleantech.ch\/files\/2.jpg 800w\" sizes=\"(max-width: 683px) 100vw, 683px\" \/><\/a><\/figure>\n\n\n\n<figure class=\"wp-block-image size-large\"><a href=\"https:\/\/www.swisscleantech.ch\/files\/3.jpg\"><img decoding=\"async\" loading=\"lazy\" width=\"1600\" height=\"1067\" data-id=\"33876\"  src=\"https:\/\/www.swisscleantech.ch\/files\/3-1024x683.jpg\" alt=\"\" class=\"wp-image-33876\" srcset=\"https:\/\/www.swisscleantech.ch\/files\/3-1024x683.jpg 1024w, https:\/\/www.swisscleantech.ch\/files\/3-300x200.jpg 300w, https:\/\/www.swisscleantech.ch\/files\/3-768x512.jpg 768w, https:\/\/www.swisscleantech.ch\/files\/3-1536x1024.jpg 1536w, https:\/\/www.swisscleantech.ch\/files\/3.jpg 1600w\" sizes=\"(max-width: 1600px) 100vw, 1600px\" \/><\/a><\/figure>\n\n\n\n<figure class=\"wp-block-image size-large\"><a href=\"https:\/\/www.swisscleantech.ch\/files\/4.jpg\"><img decoding=\"async\" loading=\"lazy\" width=\"798\" height=\"1200\" data-id=\"33877\"  src=\"https:\/\/www.swisscleantech.ch\/files\/4-681x1024.jpg\" alt=\"\" class=\"wp-image-33877\" srcset=\"https:\/\/www.swisscleantech.ch\/files\/4-681x1024.jpg 681w, https:\/\/www.swisscleantech.ch\/files\/4-200x300.jpg 200w, https:\/\/www.swisscleantech.ch\/files\/4-768x1155.jpg 768w, https:\/\/www.swisscleantech.ch\/files\/4.jpg 798w\" sizes=\"(max-width: 798px) 100vw, 798px\" \/><\/a><\/figure>\n\n\n\n<figure class=\"wp-block-image size-large\"><a href=\"https:\/\/www.swisscleantech.ch\/files\/250331_GV-swisscleantech-5.jpg\"><img decoding=\"async\" loading=\"lazy\" width=\"681\" height=\"1024\" data-id=\"33875\"  src=\"https:\/\/www.swisscleantech.ch\/files\/250331_GV-swisscleantech-5-681x1024.jpg\" alt=\"\" class=\"wp-image-33875\" srcset=\"https:\/\/www.swisscleantech.ch\/files\/250331_GV-swisscleantech-5-681x1024.jpg 681w, https:\/\/www.swisscleantech.ch\/files\/250331_GV-swisscleantech-5-200x300.jpg 200w, https:\/\/www.swisscleantech.ch\/files\/250331_GV-swisscleantech-5-768x1155.jpg 768w, https:\/\/www.swisscleantech.ch\/files\/250331_GV-swisscleantech-5.jpg 798w\" sizes=\"(max-width: 681px) 100vw, 681px\" \/><\/a><\/figure>\n\n\n\n<figure class=\"wp-block-image size-large\"><a href=\"https:\/\/www.swisscleantech.ch\/files\/250331_GV-swisscleantech-6.jpg\"><img decoding=\"async\" loading=\"lazy\" width=\"1024\" height=\"682\" data-id=\"33880\"  src=\"https:\/\/www.swisscleantech.ch\/files\/250331_GV-swisscleantech-6-1024x682.jpg\" alt=\"\" class=\"wp-image-33880\" srcset=\"https:\/\/www.swisscleantech.ch\/files\/250331_GV-swisscleantech-6-1024x682.jpg 1024w, https:\/\/www.swisscleantech.ch\/files\/250331_GV-swisscleantech-6-300x200.jpg 300w, https:\/\/www.swisscleantech.ch\/files\/250331_GV-swisscleantech-6-768x511.jpg 768w, https:\/\/www.swisscleantech.ch\/files\/250331_GV-swisscleantech-6-1536x1022.jpg 1536w, https:\/\/www.swisscleantech.ch\/files\/250331_GV-swisscleantech-6.jpg 1600w\" sizes=\"(max-width: 1024px) 100vw, 1024px\" \/><\/a><\/figure>\n\n\n\n<figure class=\"wp-block-image size-large\"><a href=\"https:\/\/www.swisscleantech.ch\/files\/250331_GV-swisscleantech-3.jpg\"><img decoding=\"async\" loading=\"lazy\" width=\"1024\" height=\"682\" data-id=\"33878\"  src=\"https:\/\/www.swisscleantech.ch\/files\/250331_GV-swisscleantech-3-1024x682.jpg\" alt=\"\" class=\"wp-image-33878\" srcset=\"https:\/\/www.swisscleantech.ch\/files\/250331_GV-swisscleantech-3-1024x682.jpg 1024w, https:\/\/www.swisscleantech.ch\/files\/250331_GV-swisscleantech-3-300x200.jpg 300w, https:\/\/www.swisscleantech.ch\/files\/250331_GV-swisscleantech-3-768x511.jpg 768w, https:\/\/www.swisscleantech.ch\/files\/250331_GV-swisscleantech-3-1536x1022.jpg 1536w, https:\/\/www.swisscleantech.ch\/files\/250331_GV-swisscleantech-3.jpg 1600w\" sizes=\"(max-width: 1024px) 100vw, 1024px\" \/><\/a><\/figure>\n<\/figure>\n\n\n\n<div style=\"height:20px\" aria-hidden=\"true\" class=\"wp-block-spacer\"><\/div>\n\n\n\n<div class=\"is-layout-flex wp-block-buttons\">\n<div class=\"wp-block-button\"><a class=\"wp-block-button__link wp-element-button\" href=\"https:\/\/www.swisscleantech.ch\/fr\/inscriptions-et-formulaires\/assemblee-generale-2025-en-images\/\">Voir toute la galerie de photos<\/a><\/div>\n<\/div>\n","protected":false},"excerpt":{"rendered":"<p>Les quelque 150 repr\u00e9sentants des adh\u00e9rents, pr\u00e9sents \u00e0 l\u2019Assembl\u00e9e g\u00e9n\u00e9rale de swisscleantech qui s\u2019est tenue ce jour, ont proc\u00e9d\u00e9 \u00e0 l\u2019\u00e9lection du nouveau Comit\u00e9 directeur et de la Co-pr\u00e9sidence. De nouvelles personnalit\u00e9s \u00e9conomiques au parcours remarquable, Pouyan Dardashti (CEO, Thommen Group), Andr\u00e9 Fl\u00fcckiger (CEO eicher+pauli), Bastien Girod (associ\u00e9 Deloitte), Antje Kanngiesser (CEO Alpiq) et Urs Neuhauser (CEO Griesser Group), ont rejoint notre Comit\u00e9 directeur. Fabian Etter et Marcel Winter ont \u00e9t\u00e9 r\u00e9\u00e9lus co-pr\u00e9sidents.<\/p>\n","protected":false},"author":15,"featured_media":33870,"comment_status":"open","ping_status":"open","sticky":false,"template":"","format":"standard","meta":{"inline_featured_image":false},"categories":[2983,2992,2987,45,2996,2989],"tags":[],"spitzmarke":[],"beitragstyp":[1203],"acf":[],"_links":{"self":[{"href":"https:\/\/www.swisscleantech.ch\/fr\/wp-json\/wp\/v2\/posts\/33867"}],"collection":[{"href":"https:\/\/www.swisscleantech.ch\/fr\/wp-json\/wp\/v2\/posts"}],"about":[{"href":"https:\/\/www.swisscleantech.ch\/fr\/wp-json\/wp\/v2\/types\/post"}],"author":[{"embeddable":true,"href":"https:\/\/www.swisscleantech.ch\/fr\/wp-json\/wp\/v2\/users\/15"}],"replies":[{"embeddable":true,"href":"https:\/\/www.swisscleantech.ch\/fr\/wp-json\/wp\/v2\/comments?post=33867"}],"version-history":[{"count":6,"href":"https:\/\/www.swisscleantech.ch\/fr\/wp-json\/wp\/v2\/posts\/33867\/revisions"}],"predecessor-version":[{"id":34035,"href":"https:\/\/www.swisscleantech.ch\/fr\/wp-json\/wp\/v2\/posts\/33867\/revisions\/34035"}],"wp:featuredmedia":[{"embeddable":true,"href":"https:\/\/www.swisscleantech.ch\/fr\/wp-json\/wp\/v2\/media\/33870"}],"wp:attachment":[{"href":"https:\/\/www.swisscleantech.ch\/fr\/wp-json\/wp\/v2\/media?parent=33867"}],"wp:term":[{"taxonomy":"category","embeddable":true,"href":"https:\/\/www.swisscleantech.ch\/fr\/wp-json\/wp\/v2\/categories?post=33867"},{"taxonomy":"post_tag","embeddable":true,"href":"https:\/\/www.swisscleantech.ch\/fr\/wp-json\/wp\/v2\/tags?post=33867"},{"taxonomy":"spitzmarke","embeddable":true,"href":"https:\/\/www.swisscleantech.ch\/fr\/wp-json\/wp\/v2\/spitzmarke?post=33867"},{"taxonomy":"beitragstyp","embeddable":true,"href":"https:\/\/www.swisscleantech.ch\/fr\/wp-json\/wp\/v2\/beitragstyp?post=33867"}],"curies":[{"name":"wp","href":"https:\/\/api.w.org\/{rel}","templated":true}]}}