{"id":37118,"date":"2025-10-24T10:18:49","date_gmt":"2025-10-24T10:18:49","guid":{"rendered":"https:\/\/www.swisscleantech.ch\/?p=37118"},"modified":"2025-11-04T14:12:47","modified_gmt":"2025-11-04T14:12:47","slug":"nous-recherchons-un-une-responsable-des-contenus-et-co-directeur-directrice-80-100","status":"publish","type":"post","link":"https:\/\/www.swisscleantech.ch\/fr\/article\/nous-recherchons-un-une-responsable-des-contenus-et-co-directeur-directrice-80-100\/","title":{"rendered":"Nous recherchons: un\/une responsable des contenus et co-directeur\/directrice (80-100%)"},"content":{"rendered":"\n<p>sswisscleantech est une association rassemblant environ 700 entreprises et associations issues de toutes les branches: des start-up innovantes aux grands groupes internationaux. \u00c0 ce titre, notre action vise \u00e0 ce que les entreprises puissent tirer profit d\u2019activit\u00e9s \u00e9conomiques climat compatibles. swisscleantech est un acteur influent de la politique \u00e9nerg\u00e9tique et climatique suisse depuis plus de 15 ans. Nous r\u00e9unissons les responsables politiques, \u00e9conomiques et scientifiques, communiquons notre expertise et mettons nos adh\u00e9rents en r\u00e9seau.<\/p>\n\n\n\n<p>Pour renforcer notre \u00e9quipe et dans le cadre d\u2019une succession, nous recherchons un\/une<\/p>\n\n\n\n<h2><strong>responsable des contenus &amp; co-directeur\/directrice (80-100%)<\/strong><\/h2>\n\n\n\n<p>\u00c0 ce poste, tu assureras avec une petite \u00e9quipe la direction du service Contenus de swisscleantech. swisscleantech est engag\u00e9 sur les th\u00e9matiques de l\u2019\u00e9nergie, du climat, de la mobilit\u00e9 et de l\u2019\u00e9conomie circulaire.<\/p>\n\n\n\n<p>Apr\u00e8s une phase de transition, en qualit\u00e9 de co-directeur\/directrice, tu seras responsable conjointement avec le co-directeur actuel de la gestion op\u00e9rationnelle du bureau et participeras \u00e0 la d\u00e9finition de la strat\u00e9gie de l\u2019association.<\/p>\n\n\n\n<h3><strong>Ce qui t\u2019attend au sein de notre association<\/strong><\/h3>\n\n\n\n<ul>\n<li>Un champ d\u2019activit\u00e9 vari\u00e9 offrant une grande libert\u00e9 d\u2019action et des responsabilit\u00e9s<\/li>\n\n\n\n<li>Une mission qui a du sens et vise \u00e0 avoir un fort impact<\/li>\n\n\n\n<li>Un lieu de travail moderne au c\u0153ur de la ville de Zurich<\/li>\n\n\n\n<li>Une organisation \u00e0 but non lucratif avec un esprit de start-up et une hi\u00e9rarchie horizontale<\/li>\n\n\n\n<li>Une communaut\u00e9 engag\u00e9e et en pleine croissance (adh\u00e9rents et partenaires)<\/li>\n<\/ul>\n\n\n\n<h3><strong>Ce que tu feras bouger au sein de notre association<\/strong><\/h3>\n\n\n\n<ul>\n<li>Tu positionneras swisscleantech comme un acteur majeur de la politique \u00e9nerg\u00e9tique et climatique suisse<\/li>\n\n\n\n<li>Tu participeras \u00e0 l\u2019\u00e9laboration des prises de position, des \u00e9tudes et des r\u00e9ponses aux consultations de swisscleantech en \u00e9troite collaboration avec la Pr\u00e9sidence, le Comit\u00e9 directeur et nos adh\u00e9rents<\/li>\n\n\n\n<li>Tu identifieras de nouvelles th\u00e9matiques, commenteras les \u00e9volutions politiques et technologiques sur les th\u00e8mes centraux de swisscleantech et pr\u00e9senteras les actions \u00e0 mener<\/li>\n\n\n\n<li>Tu apporteras un soutien \u00e0 nos adh\u00e9rents dans la mise en \u0153uvre de leurs objectifs climatiques en tant que sparring partner et d\u00e9velopperas \u00e0 cet effet de nouveaux mod\u00e8les \u00e9conomiques et outils avec ton \u00e9quipe<\/li>\n\n\n\n<li>Tu rechercheras et suivras des partenaires et des adh\u00e9rents qui nous aideront \u00e0 atteindre nos objectifs et \u00e0 assurer un financement stable \u00e0 long terme de l\u2019association<\/li>\n\n\n\n<li>Tu participeras au d\u00e9veloppement de notre r\u00e9seau de CEO (CEO4Climate) et renforceras son influence dans les milieux \u00e9conomiques et politiques<\/li>\n\n\n\n<li>Tu repr\u00e9senteras swisscleantech au sein de comit\u00e9 d\u2019experts, interviendras lors d\u2019\u00e9v\u00e9nements internes et externes et seras un interlocuteur recherch\u00e9 des m\u00e9dias<\/li>\n<\/ul>\n\n\n\n<h3><strong>Ce que tu apporteras<\/strong><\/h3>\n\n\n\n<ul>\n<li>Exp\u00e9rience de la gestion d\u2019une organisation de taille comparable (responsabilit\u00e9 budg\u00e9taire et ressources humaines)<\/li>\n\n\n\n<li>Formation scientifique de niveau haute \u00e9cole ou formation \u00e9quivalente<\/li>\n\n\n\n<li>Longue exp\u00e9rience aux interfaces entre la science, l\u2019\u00e9conomie et la politique<\/li>\n\n\n\n<li>Exp\u00e9rience attest\u00e9e sur les th\u00e8mes centraux de swisscleantech&nbsp;: \u00e9nergie, climat, mobilit\u00e9, \u00e9conomie circulaire<\/li>\n\n\n\n<li>Compr\u00e9hension des enjeux \u00e9conomiques<\/li>\n\n\n\n<li>Grandes capacit\u00e9s d\u2019analyse te permettant d\u2019aborder rapidement de nouvelles th\u00e9matiques<\/li>\n\n\n\n<li>R\u00e9seau personnel \u00e9tendu dans les hautes \u00e9coles, les associations, les entreprises et les fondations<\/li>\n\n\n\n<li>Compr\u00e9hension du syst\u00e8me politique et des processus politiques en Suisse<\/li>\n\n\n\n<li>Personnalit\u00e9 ayant le sens de la communication, capable de faire passer ses messages en fonction des groupes cibles, et orateur\/oratrice s\u2019exprimant avec conviction<\/li>\n\n\n\n<li>Bonnes expression et communication \u00e9crites en allemand, anglais et fran\u00e7ais<\/li>\n<\/ul>\n\n\n\n<p><strong><strong>Tu souhaites faire avancer l\u2019\u00e9conomie climat compatible et faire la diff\u00e9rence\u00a0? Alors contacte-nous!<\/strong><\/strong><\/p>\n\n\n\n<p>Envoie-nous ta candidature \u00e0 <a href=\"mailto:bewerbung@swisscleantech.ch\">bewerbung@swisscleantech.ch<\/a>. Si tu as des questions, n\u2019h\u00e9site pas \u00e0 contacter Michael Mandl (co-directeur) et Christian Zeyer (co-directeur) au 058 580 08 09. Pour ce poste, nous examinerons uniquement les candidatures directes.<\/p>\n","protected":false},"excerpt":{"rendered":"Tu souhaites contribuer \u00e0 positionner la Suisse \u00e0 l\u2019avant-garde de la protection du climat ? Tu souhaites travailler \u00e0 l\u2019interface entre l\u2019\u00e9conomie et la politique afin de rendre l\u2019\u00e9conomie climat compatible ? Tu poss\u00e8des les comp\u00e9tences n\u00e9cessaires pour aider les entreprises de toutes les branches \u00e0 atteindre leurs objectifs climatiques et pour r\u00e9v\u00e9ler les opportunit\u00e9s \u00e9conomiques qui y sont li\u00e9es ? Alors nous devons nous rencontrer !","protected":false},"author":1,"featured_media":37121,"comment_status":"closed","ping_status":"closed","sticky":false,"template":"","format":"standard","meta":{"inline_featured_image":false},"categories":[45],"tags":[],"spitzmarke":[],"beitragstyp":[1321],"acf":[],"_links":{"self":[{"href":"https:\/\/www.swisscleantech.ch\/fr\/wp-json\/wp\/v2\/posts\/37118"}],"collection":[{"href":"https:\/\/www.swisscleantech.ch\/fr\/wp-json\/wp\/v2\/posts"}],"about":[{"href":"https:\/\/www.swisscleantech.ch\/fr\/wp-json\/wp\/v2\/types\/post"}],"author":[{"embeddable":true,"href":"https:\/\/www.swisscleantech.ch\/fr\/wp-json\/wp\/v2\/users\/1"}],"replies":[{"embeddable":true,"href":"https:\/\/www.swisscleantech.ch\/fr\/wp-json\/wp\/v2\/comments?post=37118"}],"version-history":[{"count":5,"href":"https:\/\/www.swisscleantech.ch\/fr\/wp-json\/wp\/v2\/posts\/37118\/revisions"}],"predecessor-version":[{"id":37125,"href":"https:\/\/www.swisscleantech.ch\/fr\/wp-json\/wp\/v2\/posts\/37118\/revisions\/37125"}],"wp:featuredmedia":[{"embeddable":true,"href":"https:\/\/www.swisscleantech.ch\/fr\/wp-json\/wp\/v2\/media\/37121"}],"wp:attachment":[{"href":"https:\/\/www.swisscleantech.ch\/fr\/wp-json\/wp\/v2\/media?parent=37118"}],"wp:term":[{"taxonomy":"category","embeddable":true,"href":"https:\/\/www.swisscleantech.ch\/fr\/wp-json\/wp\/v2\/categories?post=37118"},{"taxonomy":"post_tag","embeddable":true,"href":"https:\/\/www.swisscleantech.ch\/fr\/wp-json\/wp\/v2\/tags?post=37118"},{"taxonomy":"spitzmarke","embeddable":true,"href":"https:\/\/www.swisscleantech.ch\/fr\/wp-json\/wp\/v2\/spitzmarke?post=37118"},{"taxonomy":"beitragstyp","embeddable":true,"href":"https:\/\/www.swisscleantech.ch\/fr\/wp-json\/wp\/v2\/beitragstyp?post=37118"}],"curies":[{"name":"wp","href":"https:\/\/api.w.org\/{rel}","templated":true}]}}