{"id":38842,"date":"2026-03-13T15:30:55","date_gmt":"2026-03-13T15:30:55","guid":{"rendered":"https:\/\/www.swisscleantech.ch\/?p=38842"},"modified":"2026-03-14T08:49:44","modified_gmt":"2026-03-14T08:49:44","slug":"laccord-sur-lelectricite-est-determinant-pour-atteindre-lobjectif-zero-net-et-pour-la-securite-de-lapprovisionnement","status":"publish","type":"post","link":"https:\/\/www.swisscleantech.ch\/fr\/communique-presse\/laccord-sur-lelectricite-est-determinant-pour-atteindre-lobjectif-zero-net-et-pour-la-securite-de-lapprovisionnement\/","title":{"rendered":"L\u2019accord sur l\u2019\u00e9lectricit\u00e9\u00a0est d\u00e9terminant pour atteindre l\u2019objectif z\u00e9ro net et pour la s\u00e9curit\u00e9 de l\u2019approvisionnement"},"content":{"rendered":"\n<p>Lors de la consultation, swisscleantech s\u2019est d\u00e9j\u00e0 clairement prononc\u00e9 en faveur du paquet global et de l\u2019accord sur l\u2019\u00e9lectricit\u00e9 que nous jugeons essentiel. Les adh\u00e9rents de swisscleantech ont \u00e9galement exprim\u00e9 un soutien sans \u00e9quivoque. Apr\u00e8s le message du Conseil f\u00e9d\u00e9ral, ce projet important passera dans la phase des d\u00e9lib\u00e9rations parlementaires, au cours desquelles swisscleantech continuera de soutenir l\u2019accord sur l\u2019\u00e9lectricit\u00e9.<\/p>\n\n\n\n<h2><strong>L\u2019accord sur l\u2019\u00e9lectricit\u00e9 am\u00e9liore durablement la s\u00e9curit\u00e9 de l\u2019approvisionnement en Suisse<\/strong><\/h2>\n\n\n\n<p>L\u2019accord permettra \u00e0 l\u2019avenir \u00e0 la Suisse d\u2019\u00eatre mieux int\u00e9gr\u00e9e dans le r\u00e9seau \u00e9lectrique europ\u00e9en et en particulier de recourir \u00e0 des importations durant les mois d\u2019hiver. Compte tenu de l\u2019\u00e9volution actuelle du march\u00e9 europ\u00e9en de l\u2019\u00e9lectricit\u00e9, la coop\u00e9ration r\u00e9glement\u00e9e par un accord r\u00e9duira \u00e9galement les risques de probl\u00e8mes d\u2019approvisionnement et d\u2019instabilit\u00e9 du r\u00e9seau. L\u2019accord cr\u00e9e un cadre contractuel qui assure une pr\u00e9visibilit\u00e9 tout en nous laissant le contr\u00f4le sur nos propres infrastructures \u00e9nerg\u00e9tiques \u2013 un \u00e9l\u00e9ment essentiel pour la s\u00e9curit\u00e9 de l\u2019approvisionnement en \u00e9lectricit\u00e9.<br>&nbsp;<\/p>\n\n\n\n<h2><strong>\u00c0 long terme, l\u2019accord sur l\u2019\u00e9lectricit\u00e9 aura un effet mod\u00e9rateur sur les prix<\/strong><\/h2>\n\n\n\n<p>L\u2019acc\u00e8s r\u00e9glement\u00e9 au march\u00e9 europ\u00e9en de l\u2019\u00e9lectricit\u00e9 renforce la concurrence, \u00e9vite des co\u00fbts suppl\u00e9mentaires inutiles pour des centrales de r\u00e9serve et r\u00e9duit les co\u00fbts li\u00e9s \u00e0 l\u2019extension des r\u00e9seaux \u00e9lectriques. Les entreprises, les m\u00e9nages et les institutions publiques en profiteront \u2013 avec des prix de l\u2019\u00e9lectricit\u00e9 plus stables et pr\u00e9visibles.<\/p>\n\n\n\n<h2><strong>L\u2019accord sur l\u2019\u00e9lectricit\u00e9, un levier central pour la transition \u00e9nerg\u00e9tique<\/strong><\/h2>\n\n\n\n<p>La flexibilit\u00e9 des \u00e9changes d\u2019\u00e9lectricit\u00e9 avec nos pays voisins facilitera le d\u00e9veloppement des \u00e9nergies renouvelables et diminuera le co\u00fbt de leur int\u00e9gration dans le r\u00e9seau \u00e9lectrique. Parall\u00e8lement, cela favorisera les innovations et les nouvelles technologies. Sans cet acc\u00e8s au march\u00e9, la transition \u00e9nerg\u00e9tique serait plus lente et plus co\u00fbteuse. L\u2019accord renforcera \u00e9galement le r\u00f4le strat\u00e9gique de la force hydraulique. Les exploitants de la force hydraulique, colonne vert\u00e9brale de l\u2019approvisionnement en \u00e9lectricit\u00e9 suisse, obtiendront gr\u00e2ce \u00e0 cet accord un meilleur acc\u00e8s aux march\u00e9s europ\u00e9ens, ce qui facilitera les investissements et permettra des revenus stables. De m\u00eame, les cantons et les communes garderont la souverainet\u00e9 en mati\u00e8re de concessions.<\/p>\n\n\n\n<h2><strong>L\u2019accord sur l\u2019\u00e9lectricit\u00e9, la cl\u00e9 pour r\u00e9aliser l\u2019objectif z\u00e9ro net<\/strong> <\/h2>\n\n\n\n<p>swisscleantech estime que l\u2019accord sur l\u2019\u00e9lectricit\u00e9 apporte un b\u00e9n\u00e9fice \u00e9vident \u00e0 l\u2019\u00e9conomie et est indispensable pour atteindre l\u2019objectif z\u00e9ro net. Il allie s\u00e9curit\u00e9 de l\u2019approvisionnement et stabilit\u00e9 des prix, renforce la place \u00e9conomique suisse et r\u00e9duit \u00e0 long terme la d\u00e9pendance aux \u00e9nergies fossiles, un levier majeur pour renforcer la r\u00e9silience de l\u2019\u00e9conomie suisse. En cette p\u00e9riode d\u2019incertitudes croissantes, l\u2019accord permet la stabilit\u00e9 et procure une marge de man\u0153uvre et une ind\u00e9pendance strat\u00e9gique.<\/p>\n","protected":false},"excerpt":{"rendered":"Avec le message publi\u00e9 par le Conseil f\u00e9d\u00e9ral concernant l\u2019accord sur l\u2019\u00e9lectricit\u00e9, la Suisse fait un pas important en direction d\u2019un approvisionnement en \u00e9lectricit\u00e9 s\u00fbr, finan\u00e7able et durable, indispensable pour atteindre l\u2019objectif z\u00e9ro net. L\u2019accord cr\u00e9e des conditions-cadre fiables pour les flux d\u2019\u00e9lectricit\u00e9 transfrontaliers et contribue \u00e0 renforcer la stabilit\u00e9 du syst\u00e8me \u00e9lectrique suisse. L\u2019int\u00e9gration compl\u00e8te dans le march\u00e9 de l\u2019\u00e9lectricit\u00e9 europ\u00e9en favorise \u00e9galement la transition \u00e9nerg\u00e9tique. swisscleantech soutient l\u2019accord sur l\u2019\u00e9lectricit\u00e9, notamment parce qu\u2019il constitue la seule r\u00e9ponse appropri\u00e9e \u00e0 l\u2019\u00e9volution actuelle du march\u00e9 europ\u00e9en de l\u2019\u00e9lectricit\u00e9 \u2013 le statu quo n\u2019est pas une alternative !","protected":false},"author":1,"featured_media":38845,"comment_status":"closed","ping_status":"closed","sticky":false,"template":"","format":"standard","meta":{"inline_featured_image":false},"categories":[2991,2987,2990,2989],"tags":[],"spitzmarke":[],"beitragstyp":[1203],"acf":[],"_links":{"self":[{"href":"https:\/\/www.swisscleantech.ch\/fr\/wp-json\/wp\/v2\/posts\/38842"}],"collection":[{"href":"https:\/\/www.swisscleantech.ch\/fr\/wp-json\/wp\/v2\/posts"}],"about":[{"href":"https:\/\/www.swisscleantech.ch\/fr\/wp-json\/wp\/v2\/types\/post"}],"author":[{"embeddable":true,"href":"https:\/\/www.swisscleantech.ch\/fr\/wp-json\/wp\/v2\/users\/1"}],"replies":[{"embeddable":true,"href":"https:\/\/www.swisscleantech.ch\/fr\/wp-json\/wp\/v2\/comments?post=38842"}],"version-history":[{"count":3,"href":"https:\/\/www.swisscleantech.ch\/fr\/wp-json\/wp\/v2\/posts\/38842\/revisions"}],"predecessor-version":[{"id":38846,"href":"https:\/\/www.swisscleantech.ch\/fr\/wp-json\/wp\/v2\/posts\/38842\/revisions\/38846"}],"wp:featuredmedia":[{"embeddable":true,"href":"https:\/\/www.swisscleantech.ch\/fr\/wp-json\/wp\/v2\/media\/38845"}],"wp:attachment":[{"href":"https:\/\/www.swisscleantech.ch\/fr\/wp-json\/wp\/v2\/media?parent=38842"}],"wp:term":[{"taxonomy":"category","embeddable":true,"href":"https:\/\/www.swisscleantech.ch\/fr\/wp-json\/wp\/v2\/categories?post=38842"},{"taxonomy":"post_tag","embeddable":true,"href":"https:\/\/www.swisscleantech.ch\/fr\/wp-json\/wp\/v2\/tags?post=38842"},{"taxonomy":"spitzmarke","embeddable":true,"href":"https:\/\/www.swisscleantech.ch\/fr\/wp-json\/wp\/v2\/spitzmarke?post=38842"},{"taxonomy":"beitragstyp","embeddable":true,"href":"https:\/\/www.swisscleantech.ch\/fr\/wp-json\/wp\/v2\/beitragstyp?post=38842"}],"curies":[{"name":"wp","href":"https:\/\/api.w.org\/{rel}","templated":true}]}}