{"id":39988,"date":"2026-04-30T08:50:26","date_gmt":"2026-04-30T08:50:26","guid":{"rendered":"https:\/\/www.swisscleantech.ch\/?p=39988"},"modified":"2026-04-30T15:16:23","modified_gmt":"2026-04-30T15:16:23","slug":"lukas-von-kanel-nouveau-co-directeur-de-swisscleantech-a-partir-de-2027","status":"publish","type":"post","link":"https:\/\/www.swisscleantech.ch\/fr\/communique-presse\/lukas-von-kanel-nouveau-co-directeur-de-swisscleantech-a-partir-de-2027\/","title":{"rendered":"Lukas von K\u00e4nel, nouveau co-directeur de swisscleantech \u00e0 partir de 2027"},"content":{"rendered":"\n<p>swisscleantech s\u2019est impos\u00e9 comme une voix de premier plan dans le domaine de la politique \u00e9nerg\u00e9tique et climatique. L\u2019association a connu une croissance continue ces derni\u00e8res ann\u00e9es \u2013 elle compte aujourd\u2019hui environ 700 adh\u00e9rents, entreprises et associations de toutes les branches. Gr\u00e2ce \u00e0 ce socle d\u2019adh\u00e9rents en expansion et au d\u00e9veloppement constant des activit\u00e9s de l\u2019association, swisscleantech a pu peser sur diff\u00e9rentes d\u00e9cisions de politique \u00e9nerg\u00e9tique et climatique. Parall\u00e8lement, le r\u00e9seautage entre milieux \u00e9conomiques, politiques et scientifiques a \u00e9t\u00e9 intensifi\u00e9\u00a0; les \u00e9v\u00e9nements offrent un soutien et sont une source d\u2019inspiration pour les entreprises pour atteindre leurs objectifs climatiques.<\/p>\n\n\n\n<p>Compte tenu du d\u00e9part \u00e0 la retraite de Chris Zeyer \u00e0 l\u2019\u00e9t\u00e9 2027 \u2013 une figure marquante de swisscleantech depuis sa cr\u00e9ation \u2013 swisscleantech avait lanc\u00e9 un processus pour la succession d\u00e8s l\u2019\u00e9t\u00e9 2025. \u00c0 l\u2019issue d\u2019une importante proc\u00e9dure de s\u00e9lection, le Comit\u00e9 directeur de swisscleantech a retenu \u00e0 l\u2019unanimit\u00e9 la candidature de Lukas von K\u00e4nel pour \u00eatre le nouveau co-directeur. Pour assurer une bonne transition des activit\u00e9s en cours, Lukas von K\u00e4nel viendra renforcer le bureau d\u00e8s le mois d\u2019ao\u00fbt 2026 et, apr\u00e8s une phase d\u2019initiation et d\u2019adaptation, assumera conjointement la co-direction avec Michael Mandl \u00e0 partir de janvier 2027.<\/p>\n\n\n\n<p>Le co-pr\u00e9sident Fabian Etter d\u00e9clare au sujet de cette succession&nbsp;: \u00ab&nbsp;Je suis tr\u00e8s heureux que nous ayons trouv\u00e9 en la personne de Lukas von K\u00e4nel un expert de l\u2019\u00e9nergie et du climat qui, gr\u00e2ce \u00e0 ses diff\u00e9rents postes en entreprise et \u00e0 sa formation scientifique, apportera de vastes connaissances techniques et conna\u00eetra bien les enjeux auxquels les entreprises sont confront\u00e9es. Il se distingue \u00e9galement par son parcours professionnel. Il nous permettra \u00e0 l\u2019avenir de renforcer l\u2019influence de swisscleantech dans le domaine de la politique \u00e9nerg\u00e9tique et climatique et d\u2019apporter un soutien renouvel\u00e9 \u00e0 nos adh\u00e9rents pour atteindre leurs objectifs climatiques.<\/p>\n\n\n\n<p>Lukas von K\u00e4nel est titulaire d\u2019un master en sciences de l\u2019environnement (ETH) et a acquis diverses exp\u00e9riences en entreprise au cours de dix derni\u00e8res ann\u00e9es&nbsp;: chez Renera AG, il est pass\u00e9 de collaborateur de projet \u00e0 chef d\u2019\u00e9quipe puis \u00e0 la direction, il a particip\u00e9 activement au d\u00e9veloppement et au succ\u00e8s du p\u00f4le Solar &amp; Real Estate ainsi qu\u2019\u00e0 la cr\u00e9ation de filiales en Espagne et en Allemagne. En tant que membre de la direction, avec une \u00e9quipe d\u2019environ 25 collaborateurs, il a accompagn\u00e9 de grands investisseurs institutionnels dans la d\u00e9carbonation de leurs portefeuilles immobiliers dans trois pays. Dans ses fonctions actuelles de directeur de Primeo Battery AG, il est responsable de la construction et de l\u2019exploitation de grandes installations de batteries de stockage en Suisse et en France.<\/p>\n\n\n\n<p>\u00ab&nbsp;Avec Lukas von K\u00e4nel, nous avons recrut\u00e9 pour swisscleantech une personne tr\u00e8s motiv\u00e9e qui s\u2019int\u00e9grera parfaitement \u00e0 l\u2019\u00e9quipe et fera progresser l\u2019organisation gr\u00e2ce \u00e0 son exp\u00e9rience. Il apportera \u00e9galement ses comp\u00e9tences et ses relations avec nos entreprises adh\u00e9rentes pour promouvoir les priorit\u00e9s de l\u2019association et nous soutenir dans notre action politique. Je suis tr\u00e8s heureux de travailler prochainement avec lui&nbsp;!&nbsp;\u00bb, d\u00e9clare Michael Mandel, co-directeur de swisscleantech. \u00ab&nbsp;Je connais swisscleantech depuis des ann\u00e9es, une voix forte en faveur d\u2019une \u00e9conomie suisse climat compatible. Son puissant r\u00e9seau, son large \u00e9ventail th\u00e9matique et sa grande cr\u00e9dibilit\u00e9 sont une base id\u00e9ale pour avoir un impact durable. Je me r\u00e9jouis de travailler avec le bureau, le Comit\u00e9 directeur et nos adh\u00e9rents afin que swisscleantech continue d\u2019assumer activement ce r\u00f4le \u00e0 l\u2019avenir.&nbsp;\u00bb, d\u00e9clare Lukas von K\u00e4nel.<\/p>\n","protected":false},"excerpt":{"rendered":"<p>swisscleantech organise la succession de Chris Zeyer avec l\u2019arriv\u00e9e en fin d\u2019ann\u00e9e de Lukas von K\u00e4nel qui sera le nouveau co-directeur. Il dirige actuellement Primeo Battery AG et poss\u00e8de une longue exp\u00e9rience dans la branche de l\u2019\u00e9nergie. Lukas von K\u00e4nel s\u2019est impos\u00e9 \u00e0 l\u2019issue d\u2019un important processus de s\u00e9lection et a convaincu le Comit\u00e9 directeur par ses qualit\u00e9s professionnelles et son parcours en entreprise. Pour assurer une bonne transition, Lukas von K\u00e4nel viendra renforcer le bureau d\u00e8s le mois d\u2019ao\u00fbt 2026 et, apr\u00e8s une phase d\u2019initiation et d\u2019adaptation, assumera la co-direction aux c\u00f4t\u00e9s de Michael Mandl \u00e0 partir de janvier 2027.<\/p>\n","protected":false},"author":15,"featured_media":39989,"comment_status":"closed","ping_status":"closed","sticky":false,"template":"","format":"standard","meta":{"inline_featured_image":false},"categories":[45],"tags":[],"spitzmarke":[],"beitragstyp":[1203],"acf":[],"_links":{"self":[{"href":"https:\/\/www.swisscleantech.ch\/fr\/wp-json\/wp\/v2\/posts\/39988"}],"collection":[{"href":"https:\/\/www.swisscleantech.ch\/fr\/wp-json\/wp\/v2\/posts"}],"about":[{"href":"https:\/\/www.swisscleantech.ch\/fr\/wp-json\/wp\/v2\/types\/post"}],"author":[{"embeddable":true,"href":"https:\/\/www.swisscleantech.ch\/fr\/wp-json\/wp\/v2\/users\/15"}],"replies":[{"embeddable":true,"href":"https:\/\/www.swisscleantech.ch\/fr\/wp-json\/wp\/v2\/comments?post=39988"}],"version-history":[{"count":1,"href":"https:\/\/www.swisscleantech.ch\/fr\/wp-json\/wp\/v2\/posts\/39988\/revisions"}],"predecessor-version":[{"id":39990,"href":"https:\/\/www.swisscleantech.ch\/fr\/wp-json\/wp\/v2\/posts\/39988\/revisions\/39990"}],"wp:featuredmedia":[{"embeddable":true,"href":"https:\/\/www.swisscleantech.ch\/fr\/wp-json\/wp\/v2\/media\/39989"}],"wp:attachment":[{"href":"https:\/\/www.swisscleantech.ch\/fr\/wp-json\/wp\/v2\/media?parent=39988"}],"wp:term":[{"taxonomy":"category","embeddable":true,"href":"https:\/\/www.swisscleantech.ch\/fr\/wp-json\/wp\/v2\/categories?post=39988"},{"taxonomy":"post_tag","embeddable":true,"href":"https:\/\/www.swisscleantech.ch\/fr\/wp-json\/wp\/v2\/tags?post=39988"},{"taxonomy":"spitzmarke","embeddable":true,"href":"https:\/\/www.swisscleantech.ch\/fr\/wp-json\/wp\/v2\/spitzmarke?post=39988"},{"taxonomy":"beitragstyp","embeddable":true,"href":"https:\/\/www.swisscleantech.ch\/fr\/wp-json\/wp\/v2\/beitragstyp?post=39988"}],"curies":[{"name":"wp","href":"https:\/\/api.w.org\/{rel}","templated":true}]}}