{"id":9156,"date":"2015-11-17T11:15:00","date_gmt":"2015-11-17T11:15:00","guid":{"rendered":"https:\/\/www.swisscleantech.ch\/?p=9156"},"modified":"2018-09-11T15:17:10","modified_gmt":"2018-09-11T15:17:10","slug":"attentes-de-swisscleantech-sur-la-cop21","status":"publish","type":"post","link":"https:\/\/www.swisscleantech.ch\/fr\/article\/attentes-de-swisscleantech-sur-la-cop21\/","title":{"rendered":"Attentes de swisscleantech sur la COP21"},"content":{"rendered":"<p>&nbsp;<\/p>\n<ul>\n<li>A Paris, un <b>nouvel accord contraignant<\/b> doit \u00eatre adopt\u00e9 qui regroupe <b>tous les pays<\/b>. Il doit obliger les pays \u00e0 d\u00e9terminer r\u00e9guli\u00e8rement des objectifs de r\u00e9duction.<\/li>\n<li>Les Etats signataires doivent reconna\u00eetre que les efforts actuels de r\u00e9duction des gaz \u00e0 effet de serre <b>ne suffiront pas<\/b>. Les contributions pr\u00e9vues d\u00e9termin\u00e9es au niveau national (INDC) auraient pour cons\u00e9quence un r\u00e9chauffement de 2,7 degr\u00e9s en 2100. Pour atteindre l&#8217;objectif des 2 degr\u00e9s, le globe ne devrait plus \u00e9mettre de CO<sub>2<\/sub> d\u00e8s 2036.<\/li>\n<li>Pour que les INDC actuels ne soient pas grav\u00e9s dans le marbre, un <b>m\u00e9canisme de r\u00e9vision<\/b> doit \u00eatre adopt\u00e9 \u00e0 Paris qui permette d&#8217;<b>augmenter p\u00e9riodiquement <\/b>les objectifs des pays. swisscleantech est favorable \u00e0 la proposition pr\u00e9voyant des r\u00e9visions tous les 5 ans avec une premi\u00e8re r\u00e9vision en 2018. Dans ce cadre, les objectifs suisses pourront aussi \u00eatre ajust\u00e9s.<\/li>\n<li>Il faut d\u00e9finir des <b>r\u00e8gles communes<\/b> pour d\u00e9terminer les objectifs et les calculs des \u00e9missions. Les objectifs doivent reposer sur des connaissances scientifiques, ceci est une r\u00e8gle essentielle.<\/li>\n<li>De la part des Etats signataires, il faut une adh\u00e9sion claire \u00e0 un <b>Price on Carbon<\/b> pour que le d\u00e9bat sur la concr\u00e9tisation de cet instrument puisse d\u00e9marrer au niveau officiel.<\/li>\n<li>Un signal clair doit \u00eatre adress\u00e9 \u00e0 l&#8217;\u00e9conomie et en particulier aux investisseurs, un objectif de long terme, <b>la sortie des \u00e9nergies fossiles (\u00abd\u00e9carbonisation\u00bb)<\/b>. Les synergies entre politique climatique et politique \u00e9nerg\u00e9tique doivent \u00eatre exploit\u00e9es plus activement.<\/li>\n<li>Concernant le financement climatique, il faut cr\u00e9er <b>la transparence<\/b>. Il faut aussi r\u00e9fl\u00e9chir ici \u00e0 un lien avec la mise en place d&#8217;un prix pour le CO<sub>2<\/sub>. Une partie des recettes de cette taxe pourrait \u00eatre investie dans des mesures de protection du climat dans les pays en voie de d\u00e9veloppement par l&#8217;interm\u00e9diaire du Green Climate Fund.<\/li>\n<li>Il faut enfin garantir que les mesures nationales de protection du climat seront aussi renforc\u00e9es <b>avant 2020<\/b>, c\u2019est-\u00e0-dire avant l&#8217;entr\u00e9e en vigueur de l&#8217;Accord de Paris.<\/li>\n<\/ul>\n<p><b>Attentes de swisscleantech sur le mandat suisse<\/b><\/p>\n<ul>\n<li>La Suisse devrait utiliser ses capacit\u00e9s diplomatiques et contribuer activement \u00e0 ce que la Conf\u00e9rence sur le climat de Paris soit un succ\u00e8s.<\/li>\n<li>Cela implique qu&#8217;elle s&#8217;engage en faveur des \u00e9l\u00e9ments mentionn\u00e9s ci-dessus.<\/li>\n<li>swisscleantech appelle en particulier le Conseil f\u00e9d\u00e9ral \u00e0 d\u00e9fendre au niveau international l&#8217;id\u00e9e d&#8217;un prix du CO<sub>2<\/sub>.<\/li>\n<\/ul>\n","protected":false},"excerpt":{"rendered":"<p>On n&#8217;attend pas de Paris une solution toute faite, la COP21 sera au contraire le lancement d&#8217;un nouveau processus. Pour que celui-ci m\u00e8ne en temps voulu \u00e0 des mesures qui permettront de limiter le r\u00e9chauffement global \u00e0 moins de deux degr\u00e9s, les \u00e9l\u00e9ments suivants sont imp\u00e9ratifs.<\/p>\n","protected":false},"author":2,"featured_media":0,"comment_status":"open","ping_status":"open","sticky":false,"template":"","format":"standard","meta":{"inline_featured_image":false},"categories":[2992,2996],"tags":[],"spitzmarke":[2784],"beitragstyp":[1321],"acf":[],"_links":{"self":[{"href":"https:\/\/www.swisscleantech.ch\/fr\/wp-json\/wp\/v2\/posts\/9156"}],"collection":[{"href":"https:\/\/www.swisscleantech.ch\/fr\/wp-json\/wp\/v2\/posts"}],"about":[{"href":"https:\/\/www.swisscleantech.ch\/fr\/wp-json\/wp\/v2\/types\/post"}],"author":[{"embeddable":true,"href":"https:\/\/www.swisscleantech.ch\/fr\/wp-json\/wp\/v2\/users\/2"}],"replies":[{"embeddable":true,"href":"https:\/\/www.swisscleantech.ch\/fr\/wp-json\/wp\/v2\/comments?post=9156"}],"version-history":[{"count":2,"href":"https:\/\/www.swisscleantech.ch\/fr\/wp-json\/wp\/v2\/posts\/9156\/revisions"}],"predecessor-version":[{"id":9158,"href":"https:\/\/www.swisscleantech.ch\/fr\/wp-json\/wp\/v2\/posts\/9156\/revisions\/9158"}],"wp:attachment":[{"href":"https:\/\/www.swisscleantech.ch\/fr\/wp-json\/wp\/v2\/media?parent=9156"}],"wp:term":[{"taxonomy":"category","embeddable":true,"href":"https:\/\/www.swisscleantech.ch\/fr\/wp-json\/wp\/v2\/categories?post=9156"},{"taxonomy":"post_tag","embeddable":true,"href":"https:\/\/www.swisscleantech.ch\/fr\/wp-json\/wp\/v2\/tags?post=9156"},{"taxonomy":"spitzmarke","embeddable":true,"href":"https:\/\/www.swisscleantech.ch\/fr\/wp-json\/wp\/v2\/spitzmarke?post=9156"},{"taxonomy":"beitragstyp","embeddable":true,"href":"https:\/\/www.swisscleantech.ch\/fr\/wp-json\/wp\/v2\/beitragstyp?post=9156"}],"curies":[{"name":"wp","href":"https:\/\/api.w.org\/{rel}","templated":true}]}}